{"id":206601,"date":"2022-11-14T18:49:25","date_gmt":"2022-11-14T21:49:25","guid":{"rendered":"https:\/\/diarioregionaldigital.com.br\/?p=206601"},"modified":"2022-11-14T18:49:25","modified_gmt":"2022-11-14T21:49:25","slug":"o-drama-dos-cortes-de-jogadores-antes-de-uma-copa","status":"publish","type":"post","link":"https:\/\/diarioregionaldigital.com.br\/?p=206601","title":{"rendered":"O drama dos cortes de jogadores antes de uma Copa"},"content":{"rendered":"<p>A cada v\u00e9spera de Olimp\u00edadas ou Copa do Mundo, sempre h\u00e1 atletas que sofrem les\u00f5es e acabam perdendo a disputa mais importante de suas vidas. Esses dramas humanos fazem parte da trajet\u00f3ria daqueles que exigem o m\u00e1ximo do corpo e acabam colapsando no momento menos prop\u00edcio.<img decoding=\"async\" src=\"https:\/\/agenciabrasil.ebc.com.br\/ebc.png?id=1493315&amp;o=node\" \/><img decoding=\"async\" src=\"https:\/\/agenciabrasil.ebc.com.br\/ebc.gif?id=1493315&amp;o=node\" \/><\/p>\n<p>\u201cO corpo, ap\u00f3s uma atividade f\u00edsica, nunca est\u00e1 igual ao momento do in\u00edcio da mesma. Mesmo para um atleta, a atividade f\u00edsica desgasta o organismo, gasta energia, lesiona ossos e musculatura\u201d, afirma o educador f\u00edsico Luiz Roberto Gonzaga.<\/p>\n<p>No caso de um atleta que toma uma pancada, sofre uma contus\u00e3o, uma contratura ou precisa engessar a perna, h\u00e1 tamb\u00e9m o tempo necess\u00e1rio para a total recupera\u00e7\u00e3o. E, com isso, surge o perigo de perder competi\u00e7\u00f5es importantes.<\/p>\n<p>\u201cUm exemplo pr\u00e1tico \u00e9 quando se engessa uma parte do corpo. Seu corpo vai fazer o que? Jogar aquela musculatura fora, criar uma certa rigidez. Porque ele come\u00e7a a se adaptar \u00e0 falta de mobilidade. E um atleta n\u00e3o pode perder condicionamento, perder mobilidade\u201d, conclui Luiz Roberto.<\/p>\n<p>Os dramas pr\u00e9-Copa do Mundo do Catar afetam at\u00e9 mesmo os brasileiros. O lateral-esquerdo Guilherme Arana, do Atl\u00e9tico-MG, estava cotado para ser convocado por Tite at\u00e9 que sofreu uma s\u00e9ria les\u00e3o no joelho esquerdo em setembro que o afastar\u00e1 dos gramados at\u00e9 o pr\u00f3ximo ano.<\/p>\n<p>O atleta passou por cirurgia, precisou andar de muletas e viu o sonho de participar de uma Copa pela primeira vez virar p\u00f3. \u201cFiquei um pouco triste sim, s\u00e3o coisas da vida, s\u00e3o coisas que s\u00f3 jogador de futebol pode passar. Muitos tiveram les\u00e3o antes de Copa do Mundo\u201d, disse em entrevista a uma r\u00e1dio de Minas Gerais.<\/p>\n<p>Philippe Coutinho, do Aston Villa (Inglaterra), tamb\u00e9m viu suas chances de ir ao seu segundo Mundial terminarem com uma les\u00e3o muscular na coxa esquerda. Apesar de ter sua figurinha no \u00e1lbum da Copa, ele est\u00e1 de fora da lista de Tite. Sua rea\u00e7\u00e3o foi publicada em seu perfil no Instagram: \u201cComo voc\u00eas sabem tive uma les\u00e3o que me afasta dos gramados por algumas semanas. Eu olho pra frente, focado em me recuperar da melhor forma e voltar mais forte\u201d.<\/p>\n<p>A Fran\u00e7a, forte candidata ao t\u00edtulo, tamb\u00e9m teve, at\u00e9 o momento, duas baixas. Paul Pogba, da Juventus (It\u00e1lia), sofreu uma les\u00e3o no joelho direito, ter\u00e1 que ser operado e s\u00f3 voltar\u00e1 aos gramados em 2023. Tamb\u00e9m pelo Instagram, o jogador se manifestou, sem esconder a desilus\u00e3o: \u201cDeus tem um outro plano pra mim\u201d.<\/p>\n<p>Outro que viu o corpo fraquejar quando n\u00e3o podia foi o volante Kant\u00e9, do Chelsea (Inglaterra). O veloz jogador franc\u00eas, um dos destaques da campanha vitoriosa na R\u00fassia, em 2018, teve uma les\u00e3o na parte posterior da coxa em agosto. N\u00e3o conseguiu se recuperar somente com fisioterapia e teve que ser operado em outubro.<\/p>\n<p>A boa equipe de Senegal se v\u00ea com dois problemas \u00e0s v\u00e9speras do Mundial. Perdeu o lateral Bouna Sarr, que lesionou o tend\u00e3o da r\u00f3tula do joelho esquerdo e passou por cirurgia, e acompanha com aten\u00e7\u00e3o a situa\u00e7\u00e3o do genial Sadio Man\u00e9, com uma contus\u00e3o no osso da f\u00edbula da perna direita. Mesmo com o problema, a comiss\u00e3o t\u00e9cnica decidiu convoc\u00e1-lo, acreditando numa recupera\u00e7\u00e3o t\u00e3o r\u00e1pida quanto milagrosa.<\/p>\n<p>Casos assim s\u00e3o comuns. O Brasil j\u00e1 perdeu craques \u00e0s v\u00e9speras de Mundiais. Quem n\u00e3o se lembra do corte de Rom\u00e1rio na convoca\u00e7\u00e3o para a Copa de 1998, na Fran\u00e7a, por causa de um edema na batata da perna? Ao contr\u00e1rio dos jogadores mais polidos e resignados de hoje em dia, o Baixinho saiu disparando ap\u00f3s o corte: \u201cInfelizmente, na cabe\u00e7a da comiss\u00e3o t\u00e9cnica, n\u00e3o tiveram essa paci\u00eancia. Eles n\u00e3o devem ter confiado na minha recupera\u00e7\u00e3o\u201d. Para provar que estavam errados, Rom\u00e1rio voltou a campo pelo Flamengo bem antes do final da Copa.<\/p>\n<p>O atacante Careca tamb\u00e9m ficou de fora do Mundial da Espanha, em 1982, e Tel\u00ea Santana passou a confiar a camisa 9 ao menos t\u00e9cnico Serginho Chulapa. O volante Emerson sofreu uma luxa\u00e7\u00e3o no ombro direito num treino, quando brincava de goleiro, e foi cortado do elenco do penta em 2002.<\/p>\n<p>Mas h\u00e1 casos em que o esfor\u00e7o pela recupera\u00e7\u00e3o vale a pena. O craque Zico fez um esfor\u00e7o enorme para estar na Copa do Mundo do M\u00e9xico, em 1986, ap\u00f3s operar os dois joelhos. Em 1970, Tost\u00e3o foi operado da vista em Houston (Estados Unidos), por causa de um descolamento da retina a apenas quatro meses do Mundial, e fez seu primeiro treino com bola a apenas dois meses antes da estreia na Copa. Voltou do M\u00e9xico como tricampe\u00e3o.<\/p>\n<p>E Ronaldo, na Copa de 2002, superou, ap\u00f3s muita dor, o rompimento do tend\u00e3o e dos ligamentos do joelho e uma longa inatividade de quase dois anos para dar a volta por cima: \u201cTrabalhei dois anos e meio para me recuperar das les\u00f5es, e Deus reservou esse dia especial para mim e para o Brasil\u201d, declarou ap\u00f3s levantar a ta\u00e7a de pentacampe\u00e3o do mundo em Yokohama (Jap\u00e3o).<\/p>\n<p><span style=\"font-weight: 400;\">Fonte: Ag\u00eancia Brasil <\/span><\/p>\n","protected":false},"excerpt":{"rendered":"<p>A cada v\u00e9spera de Olimp\u00edadas ou Copa do Mundo, sempre h\u00e1 atletas que sofrem les\u00f5es e acabam perdendo a disputa mais importante de suas vidas. Esses dramas humanos fazem parte da trajet\u00f3ria daqueles que exigem o m\u00e1ximo do corpo e acabam colapsando no momento menos prop\u00edcio. \u201cO corpo, ap\u00f3s uma atividade f\u00edsica, nunca est\u00e1 igual [&hellip;]<\/p>\n","protected":false},"author":246,"featured_media":206603,"comment_status":"closed","ping_status":"closed","sticky":false,"template":"","format":"standard","meta":{"footnotes":""},"categories":[436,257,439],"tags":[],"class_list":["post-206601","post","type-post","status-publish","format-standard","has-post-thumbnail","hentry","category-destaque-da-semana","category-esporte","category-ultima-hora"],"_links":{"self":[{"href":"https:\/\/diarioregionaldigital.com.br\/index.php?rest_route=\/wp\/v2\/posts\/206601","targetHints":{"allow":["GET"]}}],"collection":[{"href":"https:\/\/diarioregionaldigital.com.br\/index.php?rest_route=\/wp\/v2\/posts"}],"about":[{"href":"https:\/\/diarioregionaldigital.com.br\/index.php?rest_route=\/wp\/v2\/types\/post"}],"author":[{"embeddable":true,"href":"https:\/\/diarioregionaldigital.com.br\/index.php?rest_route=\/wp\/v2\/users\/246"}],"replies":[{"embeddable":true,"href":"https:\/\/diarioregionaldigital.com.br\/index.php?rest_route=%2Fwp%2Fv2%2Fcomments&post=206601"}],"version-history":[{"count":1,"href":"https:\/\/diarioregionaldigital.com.br\/index.php?rest_route=\/wp\/v2\/posts\/206601\/revisions"}],"predecessor-version":[{"id":206604,"href":"https:\/\/diarioregionaldigital.com.br\/index.php?rest_route=\/wp\/v2\/posts\/206601\/revisions\/206604"}],"wp:featuredmedia":[{"embeddable":true,"href":"https:\/\/diarioregionaldigital.com.br\/index.php?rest_route=\/wp\/v2\/media\/206603"}],"wp:attachment":[{"href":"https:\/\/diarioregionaldigital.com.br\/index.php?rest_route=%2Fwp%2Fv2%2Fmedia&parent=206601"}],"wp:term":[{"taxonomy":"category","embeddable":true,"href":"https:\/\/diarioregionaldigital.com.br\/index.php?rest_route=%2Fwp%2Fv2%2Fcategories&post=206601"},{"taxonomy":"post_tag","embeddable":true,"href":"https:\/\/diarioregionaldigital.com.br\/index.php?rest_route=%2Fwp%2Fv2%2Ftags&post=206601"}],"curies":[{"name":"wp","href":"https:\/\/api.w.org\/{rel}","templated":true}]}}