{"id":206597,"date":"2022-11-14T18:41:41","date_gmt":"2022-11-14T21:41:41","guid":{"rendered":"https:\/\/diarioregionaldigital.com.br\/?p=206597"},"modified":"2022-11-14T18:47:54","modified_gmt":"2022-11-14T21:47:54","slug":"selecao-brasileira-faz-primeiro-treino-no-ct-da-juventus-na-italia","status":"publish","type":"post","link":"https:\/\/diarioregionaldigital.com.br\/?p=206597","title":{"rendered":"Sele\u00e7\u00e3o brasileira faz primeiro treino no CT da Juventus, na It\u00e1lia"},"content":{"rendered":"<p>A sele\u00e7\u00e3o brasileira masculina de futebol est\u00e1 completa em Turim (Italia), para a \u00faltima semana de prepara\u00e7\u00e3o antes da Copa do Mundo do Catar. Boa parte dos\u00a0<a href=\"https:\/\/agenciabrasil.ebc.com.br\/esportes\/noticia\/2022-11\/com-16-estreantes-em-copas-tite-convoca-brasil-para-o-mundial#:~:text=Rela%C3%A7%C3%A3o%20de%20convocados%20para%20a%20Copa%3A&amp;text=Laterais%3A%20Daniel%20Alves%20(Pumas%2D,Bremer%20(Juventus%2DITA).\">26 jogadores convocados\u00a0<\/a>se apresentaram na manh\u00e3 desta segunda-feira (14) e j\u00e1 participam do primeiro treino oficial nesta tarde, com exce\u00e7\u00e3o de Neymar e Marquinhos que far\u00e3o atividades na academia. Ambos chegaram ap\u00f3s o almo\u00e7o no Centro de Treinamento (CT) da Juventus, devido a atrasos nos v\u00f4os de Paris para Turim. A equipe comandada pelo t\u00e9cnico Tite segue na It\u00e1lia at\u00e9 s\u00e1bado (19), quando embarca para o Catar. A abertura da Copa do Mundo ser\u00e1 no domingo (20).<img decoding=\"async\" src=\"https:\/\/agenciabrasil.ebc.com.br\/ebc.png?id=1493637&amp;o=node\" \/><img decoding=\"async\" src=\"https:\/\/agenciabrasil.ebc.com.br\/ebc.gif?id=1493637&amp;o=node\" \/><\/p>\n<p>Os primeiros a chegar a Turim nesta segunda (14) foram o zagueiro Milit\u00e3o e o atacante Vin\u00edcius J\u00fanior que atuam no Real Madrid (Espanha). Tite tamb\u00e9m recepcionou os 14 convocados que atuam no futebol ingl\u00eas, entre eles Richarlison (Tottenham), Gabriel Jesus (Arsenal) e Casemiro (Manchester United).<\/p>\n<p>A comiss\u00e3o t\u00e9cnica desembarcou em Turim na noite de s\u00e1bado (12), junto com o goleiro Weverton (Palmeiras), o meia Everton Ribeiro e o atacante Pedro &#8211; ambos do Flamengo.<\/p>\n<p>O Brasil est\u00e1 no Grupo G e estreia contra a S\u00e9rvia no dia 24 (quinta-feira), \u00e0s 16h (hor\u00e1rio de Bras\u00edlia), no Est\u00e1dio Lusail. Quatro dias depois (uma segunda-feira) enfrenta a Su\u00ed\u00e7a, \u00e0s 13h. Depois, no dia 2 de dezembro (sexta-feira), o pa\u00eds mede for\u00e7as com Camar\u00f5es, \u00e0s 16h,\u00a0 no \u00faltimo confronto da primeira fase do Mundial.<\/p>\n<p><span style=\"font-weight: 400;\">Fonte: Ag\u00eancia Brasil <\/span><\/p>\n","protected":false},"excerpt":{"rendered":"<p>A sele\u00e7\u00e3o brasileira masculina de futebol est\u00e1 completa em Turim (Italia), para a \u00faltima semana de prepara\u00e7\u00e3o antes da Copa do Mundo do Catar. Boa parte dos\u00a026 jogadores convocados\u00a0se apresentaram na manh\u00e3 desta segunda-feira (14) e j\u00e1 participam do primeiro treino oficial nesta tarde, com exce\u00e7\u00e3o de Neymar e Marquinhos que far\u00e3o atividades na academia. [&hellip;]<\/p>\n","protected":false},"author":246,"featured_media":206602,"comment_status":"closed","ping_status":"closed","sticky":false,"template":"","format":"standard","meta":{"footnotes":""},"categories":[436,257,439],"tags":[],"class_list":["post-206597","post","type-post","status-publish","format-standard","has-post-thumbnail","hentry","category-destaque-da-semana","category-esporte","category-ultima-hora"],"_links":{"self":[{"href":"https:\/\/diarioregionaldigital.com.br\/index.php?rest_route=\/wp\/v2\/posts\/206597","targetHints":{"allow":["GET"]}}],"collection":[{"href":"https:\/\/diarioregionaldigital.com.br\/index.php?rest_route=\/wp\/v2\/posts"}],"about":[{"href":"https:\/\/diarioregionaldigital.com.br\/index.php?rest_route=\/wp\/v2\/types\/post"}],"author":[{"embeddable":true,"href":"https:\/\/diarioregionaldigital.com.br\/index.php?rest_route=\/wp\/v2\/users\/246"}],"replies":[{"embeddable":true,"href":"https:\/\/diarioregionaldigital.com.br\/index.php?rest_route=%2Fwp%2Fv2%2Fcomments&post=206597"}],"version-history":[{"count":1,"href":"https:\/\/diarioregionaldigital.com.br\/index.php?rest_route=\/wp\/v2\/posts\/206597\/revisions"}],"predecessor-version":[{"id":206599,"href":"https:\/\/diarioregionaldigital.com.br\/index.php?rest_route=\/wp\/v2\/posts\/206597\/revisions\/206599"}],"wp:featuredmedia":[{"embeddable":true,"href":"https:\/\/diarioregionaldigital.com.br\/index.php?rest_route=\/wp\/v2\/media\/206602"}],"wp:attachment":[{"href":"https:\/\/diarioregionaldigital.com.br\/index.php?rest_route=%2Fwp%2Fv2%2Fmedia&parent=206597"}],"wp:term":[{"taxonomy":"category","embeddable":true,"href":"https:\/\/diarioregionaldigital.com.br\/index.php?rest_route=%2Fwp%2Fv2%2Fcategories&post=206597"},{"taxonomy":"post_tag","embeddable":true,"href":"https:\/\/diarioregionaldigital.com.br\/index.php?rest_route=%2Fwp%2Fv2%2Ftags&post=206597"}],"curies":[{"name":"wp","href":"https:\/\/api.w.org\/{rel}","templated":true}]}}