{"id":206576,"date":"2022-11-14T17:59:36","date_gmt":"2022-11-14T20:59:36","guid":{"rendered":"https:\/\/diarioregionaldigital.com.br\/?p=206576"},"modified":"2022-11-14T17:59:36","modified_gmt":"2022-11-14T20:59:36","slug":"transferencia-do-dia-do-servidor-muda-rotina-do-rio","status":"publish","type":"post","link":"https:\/\/diarioregionaldigital.com.br\/?p=206576","title":{"rendered":"Transfer\u00eancia do Dia do Servidor muda rotina do Rio"},"content":{"rendered":"<p>Com o ponto facultativo decretado para esta segunda-feira (14), v\u00e9spera do feriado da Proclama\u00e7\u00e3o da Rep\u00fablica, muitos servi\u00e7os p\u00fablicos n\u00e3o funcionar\u00e3o no Rio de Janeiro. A folga no servi\u00e7o p\u00fablico se refere \u00e0 transfer\u00eancia, pela prefeitura, da comemora\u00e7\u00e3o do Dia do Servidor P\u00fablico, 28 de outubro, para hoje. O com\u00e9rcio e os bancos abrem normalmente nesta segunda-feira.<img decoding=\"async\" src=\"https:\/\/agenciabrasil.ebc.com.br\/ebc.png?id=1493393&amp;o=node\" \/><img decoding=\"async\" src=\"https:\/\/agenciabrasil.ebc.com.br\/ebc.gif?id=1493393&amp;o=node\" \/><\/p>\n<p>Segundo a Secretaria Municipal de Sa\u00fade (SMS), as cl\u00ednicas da fam\u00edlia, centros de sa\u00fade, policl\u00ednicas e centros de aten\u00e7\u00e3o psicossocial n\u00e3o abrem nos dias 14 e 15, voltando ao atendimento normal na quarta-feira (16). As unidades 24 horas e de atendimento de urg\u00eancia e emerg\u00eancia, como hospitais e Unidades de Pronto Atendimento (Upas), funcionam normalmente.<\/p>\n<h2>Com\u00e9rcio<\/h2>\n<p>No feriado desta ter\u00e7a-feira, o com\u00e9rcio poder\u00e1 abrir de acordo com a ades\u00e3o de cada lojista, conforme orienta\u00e7\u00e3o do Sindicato dos Lojistas do Com\u00e9rcio do Munic\u00edpio do Rio de Janeiro (SindilojasRio). Os bancos ficar\u00e3o fechados.<\/p>\n<p>De acordo com a Associa\u00e7\u00e3o Brasileira de Shopping Centers (Abrasce), o funcionamento dos shoppings na ter\u00e7a-feira segue o mesmo modelo praticado em outros feriados. No geral, os shoppings funcionam \u00e0 tarde e de noite, em hor\u00e1rio definido por cada administra\u00e7\u00e3o em acordo com o sindicato dos trabalhadores.<\/p>\n<p>J\u00e1 a Associa\u00e7\u00e3o de Supermercados do Estado do Rio de Janeiro (Asserj) informou que os supermercados abrir\u00e3o as portas em hor\u00e1rio reduzido, de acordo com o funcionamento de cada rede em feriados.<\/p>\n<p><span style=\"font-weight: 400;\">Fonte: Ag\u00eancia Brasil <\/span><\/p>\n","protected":false},"excerpt":{"rendered":"<p>Com o ponto facultativo decretado para esta segunda-feira (14), v\u00e9spera do feriado da Proclama\u00e7\u00e3o da Rep\u00fablica, muitos servi\u00e7os p\u00fablicos n\u00e3o funcionar\u00e3o no Rio de Janeiro. A folga no servi\u00e7o p\u00fablico se refere \u00e0 transfer\u00eancia, pela prefeitura, da comemora\u00e7\u00e3o do Dia do Servidor P\u00fablico, 28 de outubro, para hoje. O com\u00e9rcio e os bancos abrem normalmente [&hellip;]<\/p>\n","protected":false},"author":246,"featured_media":206577,"comment_status":"closed","ping_status":"closed","sticky":false,"template":"","format":"standard","meta":{"footnotes":""},"categories":[436,261,439],"tags":[],"class_list":["post-206576","post","type-post","status-publish","format-standard","has-post-thumbnail","hentry","category-destaque-da-semana","category-economia","category-ultima-hora"],"_links":{"self":[{"href":"https:\/\/diarioregionaldigital.com.br\/index.php?rest_route=\/wp\/v2\/posts\/206576","targetHints":{"allow":["GET"]}}],"collection":[{"href":"https:\/\/diarioregionaldigital.com.br\/index.php?rest_route=\/wp\/v2\/posts"}],"about":[{"href":"https:\/\/diarioregionaldigital.com.br\/index.php?rest_route=\/wp\/v2\/types\/post"}],"author":[{"embeddable":true,"href":"https:\/\/diarioregionaldigital.com.br\/index.php?rest_route=\/wp\/v2\/users\/246"}],"replies":[{"embeddable":true,"href":"https:\/\/diarioregionaldigital.com.br\/index.php?rest_route=%2Fwp%2Fv2%2Fcomments&post=206576"}],"version-history":[{"count":1,"href":"https:\/\/diarioregionaldigital.com.br\/index.php?rest_route=\/wp\/v2\/posts\/206576\/revisions"}],"predecessor-version":[{"id":206578,"href":"https:\/\/diarioregionaldigital.com.br\/index.php?rest_route=\/wp\/v2\/posts\/206576\/revisions\/206578"}],"wp:featuredmedia":[{"embeddable":true,"href":"https:\/\/diarioregionaldigital.com.br\/index.php?rest_route=\/wp\/v2\/media\/206577"}],"wp:attachment":[{"href":"https:\/\/diarioregionaldigital.com.br\/index.php?rest_route=%2Fwp%2Fv2%2Fmedia&parent=206576"}],"wp:term":[{"taxonomy":"category","embeddable":true,"href":"https:\/\/diarioregionaldigital.com.br\/index.php?rest_route=%2Fwp%2Fv2%2Fcategories&post=206576"},{"taxonomy":"post_tag","embeddable":true,"href":"https:\/\/diarioregionaldigital.com.br\/index.php?rest_route=%2Fwp%2Fv2%2Ftags&post=206576"}],"curies":[{"name":"wp","href":"https:\/\/api.w.org\/{rel}","templated":true}]}}