{"id":206573,"date":"2022-11-14T17:58:05","date_gmt":"2022-11-14T20:58:05","guid":{"rendered":"https:\/\/diarioregionaldigital.com.br\/?p=206573"},"modified":"2022-11-14T17:58:05","modified_gmt":"2022-11-14T20:58:05","slug":"embraer-obtem-credito-do-bndes-para-producao-e-exportacao-de-avioes","status":"publish","type":"post","link":"https:\/\/diarioregionaldigital.com.br\/?p=206573","title":{"rendered":"Embraer obt\u00e9m cr\u00e9dito do BNDES para produ\u00e7\u00e3o e exporta\u00e7\u00e3o de avi\u00f5es"},"content":{"rendered":"<p>O Banco Nacional de Desenvolvimento Econ\u00f4mico e Social (BNDES) anunciou hoje (14) a aprova\u00e7\u00e3o de um financiamento \u00e0 Embraer para produ\u00e7\u00e3o e exporta\u00e7\u00e3o de aeronaves comerciais. A opera\u00e7\u00e3o deve girar em torno de R$ 2,2 bilh\u00f5es. Os recursos ser\u00e3o provenientes do BNDES Exim Pr\u00e9-embarque, uma linha de cr\u00e9dito criada pelo banco e voltada para produ\u00e7\u00e3o de bens nacionais destinados \u00e0 exporta\u00e7\u00e3o.<img decoding=\"async\" src=\"https:\/\/agenciabrasil.ebc.com.br\/ebc.png?id=1493652&amp;o=node\" \/><img decoding=\"async\" src=\"https:\/\/agenciabrasil.ebc.com.br\/ebc.gif?id=1493652&amp;o=node\" \/><\/p>\n<p>De acordo com nota divulgada pelo BNDES, a opera\u00e7\u00e3o contribui para que a Embraer consiga retomar a produ\u00e7\u00e3o de aeronaves nos patamares anteriores \u00e0 pandemia de covid-19. O texto enfatiza, por\u00e9m, que a consuma\u00e7\u00e3o do financiamento est\u00e1 sujeita ao cumprimento de condi\u00e7\u00f5es pr\u00e9vias fixadas e \u00e0 assinatura do respectivo contrato.<\/p>\n<p>&#8220;O setor da avia\u00e7\u00e3o \u00e9 considerado estrat\u00e9gico devido \u00e0 alta tecnologia envolvida, ao emprego de m\u00e3o de obra qualificada e \u00e0 capacidade de gerar inova\u00e7\u00f5es com impactos positivos na economia do pa\u00eds, al\u00e9m de ser uma ind\u00fastria relevante para garantia da soberania nacional por meio dos produtos de defesa. O Brasil \u00e9 um pa\u00eds que possui capacidade para projetar, fabricar e exportar mundialmente aeronaves comerciais, executivas, de defesa e agr\u00edcola&#8221;, acrescenta a nota.<\/p>\n<p>O texto tamb\u00e9m registra que a nova opera\u00e7\u00e3o reitera o apoio do banco \u00e0 ind\u00fastria aeron\u00e1utica e lembra que o BNDES \u00e9 parceiro da Embraer desde 1997, j\u00e1 tendo financiado cerca de US$ 25 bilh\u00f5es em exporta\u00e7\u00f5es. Esses recursos teriam viabilizado a produ\u00e7\u00e3o e exporta\u00e7\u00e3o de mais de 1.275 unidades para companhias a\u00e9reas ao redor do mundo.<\/p>\n<p>Fundada em 1969 pelo Governo Federal, a Embraer foi privatizada em 1994. O governo brasileiro continua sendo acionista e tem direito de veto sobre algumas decis\u00f5es estrat\u00e9gicas. A empresa j\u00e1 produziu mais de 8 mil aeronaves e \u00e9 atualmente a principal fabricante de jatos comerciais de at\u00e9 150 assentos.<\/p>\n<p>Recentemente, houve tratativas para que seu neg\u00f3cio de avia\u00e7\u00e3o comercial fosse abarcado por uma nova empresa: uma joint-venture com 80% de participa\u00e7\u00e3o da norte-americana Boeing e 20% da Embraer. Em 2020, no entanto, a\u00a0<a href=\"https:\/\/agenciabrasil.ebc.com.br\/economia\/noticia\/2020-04\/boieng-desiste-de-parceria-com-embraer\" target=\"_blank\" rel=\"noopener\">Boeing desistiu<\/a>\u00a0da parceria.<\/p>\n<p><span style=\"font-weight: 400;\">Fonte: Ag\u00eancia Brasil <\/span><\/p>\n","protected":false},"excerpt":{"rendered":"<p>O Banco Nacional de Desenvolvimento Econ\u00f4mico e Social (BNDES) anunciou hoje (14) a aprova\u00e7\u00e3o de um financiamento \u00e0 Embraer para produ\u00e7\u00e3o e exporta\u00e7\u00e3o de aeronaves comerciais. A opera\u00e7\u00e3o deve girar em torno de R$ 2,2 bilh\u00f5es. Os recursos ser\u00e3o provenientes do BNDES Exim Pr\u00e9-embarque, uma linha de cr\u00e9dito criada pelo banco e voltada para produ\u00e7\u00e3o [&hellip;]<\/p>\n","protected":false},"author":246,"featured_media":206574,"comment_status":"closed","ping_status":"closed","sticky":false,"template":"","format":"standard","meta":{"footnotes":""},"categories":[436,261,439],"tags":[],"class_list":["post-206573","post","type-post","status-publish","format-standard","has-post-thumbnail","hentry","category-destaque-da-semana","category-economia","category-ultima-hora"],"_links":{"self":[{"href":"https:\/\/diarioregionaldigital.com.br\/index.php?rest_route=\/wp\/v2\/posts\/206573","targetHints":{"allow":["GET"]}}],"collection":[{"href":"https:\/\/diarioregionaldigital.com.br\/index.php?rest_route=\/wp\/v2\/posts"}],"about":[{"href":"https:\/\/diarioregionaldigital.com.br\/index.php?rest_route=\/wp\/v2\/types\/post"}],"author":[{"embeddable":true,"href":"https:\/\/diarioregionaldigital.com.br\/index.php?rest_route=\/wp\/v2\/users\/246"}],"replies":[{"embeddable":true,"href":"https:\/\/diarioregionaldigital.com.br\/index.php?rest_route=%2Fwp%2Fv2%2Fcomments&post=206573"}],"version-history":[{"count":1,"href":"https:\/\/diarioregionaldigital.com.br\/index.php?rest_route=\/wp\/v2\/posts\/206573\/revisions"}],"predecessor-version":[{"id":206575,"href":"https:\/\/diarioregionaldigital.com.br\/index.php?rest_route=\/wp\/v2\/posts\/206573\/revisions\/206575"}],"wp:featuredmedia":[{"embeddable":true,"href":"https:\/\/diarioregionaldigital.com.br\/index.php?rest_route=\/wp\/v2\/media\/206574"}],"wp:attachment":[{"href":"https:\/\/diarioregionaldigital.com.br\/index.php?rest_route=%2Fwp%2Fv2%2Fmedia&parent=206573"}],"wp:term":[{"taxonomy":"category","embeddable":true,"href":"https:\/\/diarioregionaldigital.com.br\/index.php?rest_route=%2Fwp%2Fv2%2Fcategories&post=206573"},{"taxonomy":"post_tag","embeddable":true,"href":"https:\/\/diarioregionaldigital.com.br\/index.php?rest_route=%2Fwp%2Fv2%2Ftags&post=206573"}],"curies":[{"name":"wp","href":"https:\/\/api.w.org\/{rel}","templated":true}]}}