{"id":206570,"date":"2022-11-14T17:55:50","date_gmt":"2022-11-14T20:55:50","guid":{"rendered":"https:\/\/diarioregionaldigital.com.br\/?p=206570"},"modified":"2022-11-14T17:55:50","modified_gmt":"2022-11-14T20:55:50","slug":"atividade-economica-tem-alta-de-005-em-setembro","status":"publish","type":"post","link":"https:\/\/diarioregionaldigital.com.br\/?p=206570","title":{"rendered":"Atividade econ\u00f4mica tem alta de 0,05% em setembro"},"content":{"rendered":"<p>Conforme aponta o \u00cdndice de Atividade Econ\u00f4mica do Banco Central (IBC-Br), divulgado hoje (14) pelo Banco Central, a atividade econ\u00f4mica brasileira registrou um crescimento de 0,05% no m\u00eas de setembro, na compara\u00e7\u00e3o com agosto. Considerando os \u00faltimos tr\u00eas meses, a alta foi de 1,36%.<img decoding=\"async\" src=\"https:\/\/agenciabrasil.ebc.com.br\/ebc.png?id=1493625&amp;o=node\" \/><img decoding=\"async\" src=\"https:\/\/agenciabrasil.ebc.com.br\/ebc.gif?id=1493625&amp;o=node\" \/><\/p>\n<p>O IBC-Br re\u00fane informa\u00e7\u00f5es do n\u00edvel de atividade dos tr\u00eas setores da economia: agropecu\u00e1ria, ind\u00fastria e servi\u00e7os. Ele \u00e9 levado em conta pelo Banco Central para tomar decis\u00f5es sobre a taxa b\u00e1sica de juros, a Selic.<\/p>\n<p>Economistas consideram o \u00edndice como um sinalizador do Produto Interno Bruto (PIB), indicador oficial da atividade econ\u00f4mica calculado pelo Instituto Brasileiro de Geografia e Estat\u00edstica (IBGE).<\/p>\n<p>Em setembro, o IBC-Br atingiu 144,01 pontos de acordo com os dados dessazonalizados (ajustados para o per\u00edodo). Com o resultado, o \u00edndice voltou a subir ap\u00f3s um m\u00eas de queda: em agosto houve retra\u00e7\u00e3o de 1,13%. Nos meses anteriores, o IBC-Br vinha oscilando. Em abril e maio houve queda e em junho e julho alta.<\/p>\n<p>Considerando a compara\u00e7\u00e3o entre setembro desse ano e setembro do ano passado, a partir do dado n\u00e3o dessazonalizado, houve alta de 4%. No acumulado de 12 meses, o \u00edndice tamb\u00e9m ficou positivo. em 2,34%.<\/p>\n<p><span style=\"font-weight: 400;\">Fonte: Ag\u00eancia Brasil <\/span><\/p>\n","protected":false},"excerpt":{"rendered":"<p>Conforme aponta o \u00cdndice de Atividade Econ\u00f4mica do Banco Central (IBC-Br), divulgado hoje (14) pelo Banco Central, a atividade econ\u00f4mica brasileira registrou um crescimento de 0,05% no m\u00eas de setembro, na compara\u00e7\u00e3o com agosto. Considerando os \u00faltimos tr\u00eas meses, a alta foi de 1,36%. O IBC-Br re\u00fane informa\u00e7\u00f5es do n\u00edvel de atividade dos tr\u00eas setores [&hellip;]<\/p>\n","protected":false},"author":246,"featured_media":206571,"comment_status":"closed","ping_status":"closed","sticky":false,"template":"","format":"standard","meta":{"footnotes":""},"categories":[436,261,439],"tags":[],"class_list":["post-206570","post","type-post","status-publish","format-standard","has-post-thumbnail","hentry","category-destaque-da-semana","category-economia","category-ultima-hora"],"_links":{"self":[{"href":"https:\/\/diarioregionaldigital.com.br\/index.php?rest_route=\/wp\/v2\/posts\/206570","targetHints":{"allow":["GET"]}}],"collection":[{"href":"https:\/\/diarioregionaldigital.com.br\/index.php?rest_route=\/wp\/v2\/posts"}],"about":[{"href":"https:\/\/diarioregionaldigital.com.br\/index.php?rest_route=\/wp\/v2\/types\/post"}],"author":[{"embeddable":true,"href":"https:\/\/diarioregionaldigital.com.br\/index.php?rest_route=\/wp\/v2\/users\/246"}],"replies":[{"embeddable":true,"href":"https:\/\/diarioregionaldigital.com.br\/index.php?rest_route=%2Fwp%2Fv2%2Fcomments&post=206570"}],"version-history":[{"count":1,"href":"https:\/\/diarioregionaldigital.com.br\/index.php?rest_route=\/wp\/v2\/posts\/206570\/revisions"}],"predecessor-version":[{"id":206572,"href":"https:\/\/diarioregionaldigital.com.br\/index.php?rest_route=\/wp\/v2\/posts\/206570\/revisions\/206572"}],"wp:featuredmedia":[{"embeddable":true,"href":"https:\/\/diarioregionaldigital.com.br\/index.php?rest_route=\/wp\/v2\/media\/206571"}],"wp:attachment":[{"href":"https:\/\/diarioregionaldigital.com.br\/index.php?rest_route=%2Fwp%2Fv2%2Fmedia&parent=206570"}],"wp:term":[{"taxonomy":"category","embeddable":true,"href":"https:\/\/diarioregionaldigital.com.br\/index.php?rest_route=%2Fwp%2Fv2%2Fcategories&post=206570"},{"taxonomy":"post_tag","embeddable":true,"href":"https:\/\/diarioregionaldigital.com.br\/index.php?rest_route=%2Fwp%2Fv2%2Ftags&post=206570"}],"curies":[{"name":"wp","href":"https:\/\/api.w.org\/{rel}","templated":true}]}}