{"id":206561,"date":"2022-11-11T06:00:25","date_gmt":"2022-11-11T09:00:25","guid":{"rendered":"https:\/\/diarioregionaldigital.com.br\/?p=206561"},"modified":"2022-11-11T21:54:59","modified_gmt":"2022-11-12T00:54:59","slug":"prefeitura-municipal-de-descoberto-extrato-de-contrato-13-11-2022","status":"publish","type":"post","link":"https:\/\/diarioregionaldigital.com.br\/?p=206561","title":{"rendered":"Prefeitura Municipal de Descoberto &#8211; Extrato de Contrato &#8211; 13\/11\/2022"},"content":{"rendered":"<p style=\"text-align: center;\"><strong>EXTRATO DE CONTRATO<\/strong><\/p>\n<p style=\"text-align: center;\">Pref. Municipal de Descoberto x Valtencir dos Santos Saar e esp\u00f3lio de Osmir Luzia Saar \u2013 Objeto: \u00a0Loca\u00e7\u00e3o de im\u00f3vel para atendimento das demandas da Prefeitura Municipal de Descoberto para utiliza\u00e7\u00e3o como dep\u00f3sito \u2013 Fundamento: Dispensa \u00a0n\u00ba 011\/2022-\u00a0 Valor Global : 18.000,00 Vig\u00eancia: 12 meses &#8211; Dot or\u00e7: 02.02006.15.122.0002.201-339036\/100- Ass: 11\/11\/2022 &#8211; Foro: S\u00e3o Jo\u00e3o Nepomuceno\/MG.<\/p>\n<p style=\"text-align: center;\"><strong>Marcos de Ara\u00fajo Lima<\/strong><\/p>\n<p style=\"text-align: center;\"><strong>Prefeito Municipal<\/strong><\/p>\n","protected":false},"excerpt":{"rendered":"<p>EXTRATO DE CONTRATO Pref. Municipal de Descoberto x Valtencir dos Santos Saar e esp\u00f3lio de Osmir Luzia Saar \u2013 Objeto: \u00a0Loca\u00e7\u00e3o de im\u00f3vel para atendimento das demandas da Prefeitura Municipal de Descoberto para utiliza\u00e7\u00e3o como dep\u00f3sito \u2013 Fundamento: Dispensa \u00a0n\u00ba 011\/2022-\u00a0 Valor Global : 18.000,00 Vig\u00eancia: 12 meses &#8211; Dot or\u00e7: 02.02006.15.122.0002.201-339036\/100- Ass: 11\/11\/2022 &#8211; [&hellip;]<\/p>\n","protected":false},"author":96,"featured_media":0,"comment_status":"closed","ping_status":"closed","sticky":false,"template":"","format":"standard","meta":{"footnotes":""},"categories":[307],"tags":[],"class_list":["post-206561","post","type-post","status-publish","format-standard","hentry","category-editais"],"_links":{"self":[{"href":"https:\/\/diarioregionaldigital.com.br\/index.php?rest_route=\/wp\/v2\/posts\/206561","targetHints":{"allow":["GET"]}}],"collection":[{"href":"https:\/\/diarioregionaldigital.com.br\/index.php?rest_route=\/wp\/v2\/posts"}],"about":[{"href":"https:\/\/diarioregionaldigital.com.br\/index.php?rest_route=\/wp\/v2\/types\/post"}],"author":[{"embeddable":true,"href":"https:\/\/diarioregionaldigital.com.br\/index.php?rest_route=\/wp\/v2\/users\/96"}],"replies":[{"embeddable":true,"href":"https:\/\/diarioregionaldigital.com.br\/index.php?rest_route=%2Fwp%2Fv2%2Fcomments&post=206561"}],"version-history":[{"count":1,"href":"https:\/\/diarioregionaldigital.com.br\/index.php?rest_route=\/wp\/v2\/posts\/206561\/revisions"}],"predecessor-version":[{"id":206562,"href":"https:\/\/diarioregionaldigital.com.br\/index.php?rest_route=\/wp\/v2\/posts\/206561\/revisions\/206562"}],"wp:attachment":[{"href":"https:\/\/diarioregionaldigital.com.br\/index.php?rest_route=%2Fwp%2Fv2%2Fmedia&parent=206561"}],"wp:term":[{"taxonomy":"category","embeddable":true,"href":"https:\/\/diarioregionaldigital.com.br\/index.php?rest_route=%2Fwp%2Fv2%2Fcategories&post=206561"},{"taxonomy":"post_tag","embeddable":true,"href":"https:\/\/diarioregionaldigital.com.br\/index.php?rest_route=%2Fwp%2Fv2%2Ftags&post=206561"}],"curies":[{"name":"wp","href":"https:\/\/api.w.org\/{rel}","templated":true}]}}