{"id":206558,"date":"2022-11-11T18:27:23","date_gmt":"2022-11-11T21:27:23","guid":{"rendered":"https:\/\/diarioregionaldigital.com.br\/?p=206558"},"modified":"2022-11-11T18:27:23","modified_gmt":"2022-11-11T21:27:23","slug":"pjf-atende-mais-de-30-bairros-com-a-operacao-tapa-buracos-em-uma-semana","status":"publish","type":"post","link":"https:\/\/diarioregionaldigital.com.br\/?p=206558","title":{"rendered":"PJF atende mais de 30 bairros com a opera\u00e7\u00e3o tapa-buracos em uma semana"},"content":{"rendered":"<p>Segundo informa\u00e7\u00f5es do site da Prefeitura de Juiz de Fora (PJF), entre os dias 3 e 10 de novembro, a Prefeitura de Juiz de Fora (PJF) esteve em 32 bairros da cidade com a opera\u00e7\u00e3o tapa-buracos. Em sete dias trabalhados, as equipes atenderam 48 vias de Juiz de Fora.<\/p>\n<p>Uma das ruas mais movimentadas de JF, a Henrique Burnier, no bairro Mariano Proc\u00f3pio, recebeu reparos no pavimento, e agora, quem vai da zona norte em dire\u00e7\u00e3o ao centro da cidade j\u00e1 pode perceber a diferen\u00e7a. Com os buracos recompostos, o tr\u00e2nsito est\u00e1 mais fluido e mais confort\u00e1vel para pedestres e motoristas que passam pelo local.<\/p>\n<p>Outra importante via que tamb\u00e9m recebeu manuten\u00e7\u00e3o \u00e9 a Avenida Orlando Riani, no Filgueiras. Os trabalhos por l\u00e1 seguem em andamento, mas grande parte dos buracos causados pelas \u00faltimas chuvas j\u00e1 foram recuperados.<\/p>\n<div>\n<p><strong>Confira os bairros atendidos:\u00a0<\/strong><\/p>\n<p>Aeroporto<\/p>\n<p>Alto dos Passos<\/p>\n<p>Benfica<\/p>\n<p>Bom Pastor<\/p>\n<p>Cascatinha<\/p>\n<p>Centen\u00e1rio<\/p>\n<p>Cruzeiro do Sul<\/p>\n<p>Eldorado<\/p>\n<p>Filgueiras<\/p>\n<p>Francisco Bernardino<\/p>\n<p>Grama<\/p>\n<p>Jardim Esperan\u00e7a<\/p>\n<p>Mariano Proc\u00f3pio<\/p>\n<p>Maril\u00e2ndia<\/p>\n<p>Miguel Marinho<\/p>\n<p>Morro do Sab\u00e3o<\/p>\n<p>Nossa Sra. de Lourdes<\/p>\n<p>Nova Calif\u00f3rnia<\/p>\n<p>Nova Era<\/p>\n<p>Paula Lima<\/p>\n<p>Po\u00e7o Rico<\/p>\n<p>Santa Cruz<\/p>\n<p>Santa Efig\u00eania<\/p>\n<p>Santa Luzia<\/p>\n<p>Santa Teresa<\/p>\n<p>Santa Terezinha<\/p>\n<p>S\u00e3o Bernardo<\/p>\n<p>S\u00e3o Mateus<\/p>\n<p>Vila ideal<\/p>\n<p>Vila Olavo Costa<\/p>\n<p>Vila Ozanan<\/p>\n<p>Vina Del Mar<br \/>\nNo per\u00edodo citado, a\u00a0Empresa Municipal de Pavimenta\u00e7\u00e3o e Urbanidades (Empav)\u00a0realizou a recomposi\u00e7\u00e3o de 1062 buracos, aplicando, aproximadamente, 475 toneladas de concreto betuminoso usinado \u00e0 quente (CBUQ), a conhecida \u201cmassa asf\u00e1ltica\u201d. Em m\u00e9dia, foram tampados 151 buracos por dia no munic\u00edpio.<\/p>\n<p>Os trabalhos da Empav seguem em andamento em diversos pontos da cidade e a programa\u00e7\u00e3o di\u00e1ria de todos os servi\u00e7os realizados nas vias pela PJF pode ser acompanhada na p\u00e1gina do Gabinete de A\u00e7\u00e3o e Di\u00e1logo Comunit\u00e1rio atrav\u00e9s do<a href=\"https:\/\/www.pjf.mg.gov.br\/gabinetecomunitario\/#onde\">\u00a0<strong>link<\/strong>.<\/a><\/p>\n<\/div>\n","protected":false},"excerpt":{"rendered":"<p>Segundo informa\u00e7\u00f5es do site da Prefeitura de Juiz de Fora (PJF), entre os dias 3 e 10 de novembro, a Prefeitura de Juiz de Fora (PJF) esteve em 32 bairros da cidade com a opera\u00e7\u00e3o tapa-buracos. Em sete dias trabalhados, as equipes atenderam 48 vias de Juiz de Fora. Uma das ruas mais movimentadas de [&hellip;]<\/p>\n","protected":false},"author":246,"featured_media":206559,"comment_status":"closed","ping_status":"closed","sticky":false,"template":"","format":"standard","meta":{"footnotes":""},"categories":[253,436,439],"tags":[],"class_list":["post-206558","post","type-post","status-publish","format-standard","has-post-thumbnail","hentry","category-cidade","category-destaque-da-semana","category-ultima-hora"],"_links":{"self":[{"href":"https:\/\/diarioregionaldigital.com.br\/index.php?rest_route=\/wp\/v2\/posts\/206558","targetHints":{"allow":["GET"]}}],"collection":[{"href":"https:\/\/diarioregionaldigital.com.br\/index.php?rest_route=\/wp\/v2\/posts"}],"about":[{"href":"https:\/\/diarioregionaldigital.com.br\/index.php?rest_route=\/wp\/v2\/types\/post"}],"author":[{"embeddable":true,"href":"https:\/\/diarioregionaldigital.com.br\/index.php?rest_route=\/wp\/v2\/users\/246"}],"replies":[{"embeddable":true,"href":"https:\/\/diarioregionaldigital.com.br\/index.php?rest_route=%2Fwp%2Fv2%2Fcomments&post=206558"}],"version-history":[{"count":1,"href":"https:\/\/diarioregionaldigital.com.br\/index.php?rest_route=\/wp\/v2\/posts\/206558\/revisions"}],"predecessor-version":[{"id":206560,"href":"https:\/\/diarioregionaldigital.com.br\/index.php?rest_route=\/wp\/v2\/posts\/206558\/revisions\/206560"}],"wp:featuredmedia":[{"embeddable":true,"href":"https:\/\/diarioregionaldigital.com.br\/index.php?rest_route=\/wp\/v2\/media\/206559"}],"wp:attachment":[{"href":"https:\/\/diarioregionaldigital.com.br\/index.php?rest_route=%2Fwp%2Fv2%2Fmedia&parent=206558"}],"wp:term":[{"taxonomy":"category","embeddable":true,"href":"https:\/\/diarioregionaldigital.com.br\/index.php?rest_route=%2Fwp%2Fv2%2Fcategories&post=206558"},{"taxonomy":"post_tag","embeddable":true,"href":"https:\/\/diarioregionaldigital.com.br\/index.php?rest_route=%2Fwp%2Fv2%2Ftags&post=206558"}],"curies":[{"name":"wp","href":"https:\/\/api.w.org\/{rel}","templated":true}]}}