{"id":206551,"date":"2022-11-11T18:22:59","date_gmt":"2022-11-11T21:22:59","guid":{"rendered":"https:\/\/diarioregionaldigital.com.br\/?p=206551"},"modified":"2022-11-11T18:22:59","modified_gmt":"2022-11-11T21:22:59","slug":"canil-municipal-promove-adocao-de-caes-neste-sabado-12-no-parque-halfeld","status":"publish","type":"post","link":"https:\/\/diarioregionaldigital.com.br\/?p=206551","title":{"rendered":"Canil Municipal promove ado\u00e7\u00e3o de c\u00e3es neste s\u00e1bado, 12, no Parque Halfeld"},"content":{"rendered":"<p>Segundo informa\u00e7\u00f5es do site da Prefeitura de Juiz de Fora (PJF), para os apaixonados por pequenos com patas, a Prefeitura de Juiz de Fora (PJF) oferece uma grande oportunidade neste s\u00e1bado, 12, de adotar um dos v\u00e1rios c\u00e3es que estar\u00e3o \u00e0 espera de um lar no <strong>Parque Halfeld, das 9h \u00e0s 13h.<\/strong><br \/>\nAl\u00e9m do evento de ado\u00e7\u00e3o, tutores podem levar seus pets para receberem a vacina Antirr\u00e1bica Animal, e para aqueles que gostam de plantas, ser\u00e3o distribu\u00eddas mudas em troca de ra\u00e7\u00e3o para c\u00e3es e gatos.<br \/>\nO candidato \u00e0 ado\u00e7\u00e3o respons\u00e1vel precisa comparecer ao local com\u00a0<strong>original e c\u00f3pia do RG, CPF e comprovante de resid\u00eancia.<\/strong>\u00a0 O interessado ser\u00e1 submetido a uma entrevista minuciosa, realizada pela equipe do Canil Municipal, para analisar se est\u00e1 apto a levar um novo amigo para casa.<br \/>\n<strong>Para garantir a seguran\u00e7a do cachorro, o mesmo s\u00f3 ser\u00e1 liberado se o candidato estiver com a guia adequada para o porte do animal.\u00a0<\/strong><br \/>\n<strong>&#8220;Me Adota A\u00ed!&#8221;<\/strong><br \/>\nA campanha \u201cMe Adota A\u00ed!\u201d foi lan\u00e7ada pela atual gest\u00e3o municipal com o objetivo de garantir um lar para os animais que est\u00e3o no Canil Municipal. Os interessados em adotar um amigo, podem visitar o Canil das 9h \u00e0s 11h e das 13h \u00e0s 15h, de segunda \u00e0 sexta ou mediante agendamento, para outros dias, pelo telefone (32) 3225-9933. O endere\u00e7o \u00e9 Rua Bartolomeu dos Santos 680, bairro S\u00e3o Dami\u00e3o.<br \/>\nAcesse as redes sociais do Canil Municipal &#8211; Me Adota A\u00ed!<\/p>\n","protected":false},"excerpt":{"rendered":"<p>Segundo informa\u00e7\u00f5es do site da Prefeitura de Juiz de Fora (PJF), para os apaixonados por pequenos com patas, a Prefeitura de Juiz de Fora (PJF) oferece uma grande oportunidade neste s\u00e1bado, 12, de adotar um dos v\u00e1rios c\u00e3es que estar\u00e3o \u00e0 espera de um lar no Parque Halfeld, das 9h \u00e0s 13h. Al\u00e9m do evento [&hellip;]<\/p>\n","protected":false},"author":246,"featured_media":206552,"comment_status":"closed","ping_status":"closed","sticky":false,"template":"","format":"standard","meta":{"footnotes":""},"categories":[253,436,439],"tags":[],"class_list":["post-206551","post","type-post","status-publish","format-standard","has-post-thumbnail","hentry","category-cidade","category-destaque-da-semana","category-ultima-hora"],"_links":{"self":[{"href":"https:\/\/diarioregionaldigital.com.br\/index.php?rest_route=\/wp\/v2\/posts\/206551","targetHints":{"allow":["GET"]}}],"collection":[{"href":"https:\/\/diarioregionaldigital.com.br\/index.php?rest_route=\/wp\/v2\/posts"}],"about":[{"href":"https:\/\/diarioregionaldigital.com.br\/index.php?rest_route=\/wp\/v2\/types\/post"}],"author":[{"embeddable":true,"href":"https:\/\/diarioregionaldigital.com.br\/index.php?rest_route=\/wp\/v2\/users\/246"}],"replies":[{"embeddable":true,"href":"https:\/\/diarioregionaldigital.com.br\/index.php?rest_route=%2Fwp%2Fv2%2Fcomments&post=206551"}],"version-history":[{"count":1,"href":"https:\/\/diarioregionaldigital.com.br\/index.php?rest_route=\/wp\/v2\/posts\/206551\/revisions"}],"predecessor-version":[{"id":206553,"href":"https:\/\/diarioregionaldigital.com.br\/index.php?rest_route=\/wp\/v2\/posts\/206551\/revisions\/206553"}],"wp:featuredmedia":[{"embeddable":true,"href":"https:\/\/diarioregionaldigital.com.br\/index.php?rest_route=\/wp\/v2\/media\/206552"}],"wp:attachment":[{"href":"https:\/\/diarioregionaldigital.com.br\/index.php?rest_route=%2Fwp%2Fv2%2Fmedia&parent=206551"}],"wp:term":[{"taxonomy":"category","embeddable":true,"href":"https:\/\/diarioregionaldigital.com.br\/index.php?rest_route=%2Fwp%2Fv2%2Fcategories&post=206551"},{"taxonomy":"post_tag","embeddable":true,"href":"https:\/\/diarioregionaldigital.com.br\/index.php?rest_route=%2Fwp%2Fv2%2Ftags&post=206551"}],"curies":[{"name":"wp","href":"https:\/\/api.w.org\/{rel}","templated":true}]}}