{"id":206542,"date":"2022-11-11T18:14:08","date_gmt":"2022-11-11T21:14:08","guid":{"rendered":"https:\/\/diarioregionaldigital.com.br\/?p=206542"},"modified":"2022-11-11T18:14:08","modified_gmt":"2022-11-11T21:14:08","slug":"brasil-sofre-nas-jogadas-pelo-alto-e-perde-amistoso-para-o-canada","status":"publish","type":"post","link":"https:\/\/diarioregionaldigital.com.br\/?p=206542","title":{"rendered":"Brasil sofre nas jogadas pelo alto e perde amistoso para o Canad\u00e1"},"content":{"rendered":"<p>A partida teve car\u00e1ter amistoso, mas quem acompanhou o confronto entre Brasil e Canad\u00e1, disputado na tarde desta sexta-feira (11) no est\u00e1dio da Vila Belmiro, em Santos, viu um jogo movimentado e de bom n\u00edvel t\u00e9cnico que terminou com a vit\u00f3ria de 2 a 1 das visitantes.<img decoding=\"async\" src=\"https:\/\/agenciabrasil.ebc.com.br\/ebc.png?id=1493429&amp;o=node\" \/><img decoding=\"async\" src=\"https:\/\/agenciabrasil.ebc.com.br\/ebc.gif?id=1493429&amp;o=node\" \/><\/p>\n<p>Apesar do rev\u00e9s, a t\u00e9cnica sueca Pia Sundhage p\u00f4de fazer importantes observa\u00e7\u00f5es diante de um advers\u00e1rio que est\u00e1 no top 10 do ranking de sele\u00e7\u00f5es da Fifa (as canadenses ocupam a 7\u00aa posi\u00e7\u00e3o e a sele\u00e7\u00e3o brasileira a 9\u00aa).<\/p>\n<h2>Problemas na defesa<\/h2>\n<p>O primeiro tempo da partida deixou claro que o Brasil tem que dar mais aten\u00e7\u00e3o \u00e0s jogadas defensivas pelo alto. Foi desta forma que o Canad\u00e1 abriu uma vantagem de dois gols ap\u00f3s menos de 30 minutos de bola rolando.<\/p>\n<p>As visitantes abriram o placar aos 21 minutos em jogada de escanteio ensaiada. A bola foi rolada rasteira para a intermedi\u00e1ria, onde Lawrence dominou e cruzou para a \u00e1rea, onde Zadorsky marcou de cabe\u00e7a.<\/p>\n<p>O segundo veio sete minutos depois, com a atacante Adriana Leon, que bateu de primeira ap\u00f3s Sinclair desviar bola levantada na \u00e1rea em cobran\u00e7a de escanteio.<\/p>\n<p>Aos 32 minutos Debinha conseguiu descontar para o Brasil com um belo gol. A meia Kerolin avan\u00e7ou com liberdade pelo meio antes de passar por cobertura para a camisa 9, que n\u00e3o perdoou.<\/p>\n<p>Na etapa final as duas t\u00e9cnicas aproveitam para fazer algumas experi\u00eancias com suas equipes, e a partida diminui o ritmo, com o placar permanecendo sem novas altera\u00e7\u00f5es at\u00e9 o apito final.<\/p>\n<h2>Prepara\u00e7\u00e3o para a Copa de 2023<\/h2>\n<p>O encontro da equipe comandada por Pia Sundhage com as canadenses, disputado no per\u00edodo da \u00faltima Data Fifa de 2022, faz parte da prepara\u00e7\u00e3o para a Copa do Mundo de 2023, que ser\u00e1 disputada entre os dias 20 de julho e 20 de agosto de 2023, na Austr\u00e1lia e na Nova Zel\u00e2ndia.<\/p>\n<p>Brasil e Canad\u00e1 voltam a medir for\u00e7as na pr\u00f3xima ter\u00e7a (15), a partir das 15h15 (hor\u00e1rio de Bras\u00edlia) na Neo Qu\u00edmica Arena, em S\u00e3o Paulo.<\/p>\n<p><span style=\"font-weight: 400;\"><br \/>\n<\/span><span style=\"font-weight: 400;\">Fonte: Ag\u00eancia Brasil <\/span><\/p>\n","protected":false},"excerpt":{"rendered":"<p>A partida teve car\u00e1ter amistoso, mas quem acompanhou o confronto entre Brasil e Canad\u00e1, disputado na tarde desta sexta-feira (11) no est\u00e1dio da Vila Belmiro, em Santos, viu um jogo movimentado e de bom n\u00edvel t\u00e9cnico que terminou com a vit\u00f3ria de 2 a 1 das visitantes. Apesar do rev\u00e9s, a t\u00e9cnica sueca Pia Sundhage [&hellip;]<\/p>\n","protected":false},"author":246,"featured_media":206543,"comment_status":"closed","ping_status":"closed","sticky":false,"template":"","format":"standard","meta":{"footnotes":""},"categories":[436,257,439],"tags":[],"class_list":["post-206542","post","type-post","status-publish","format-standard","has-post-thumbnail","hentry","category-destaque-da-semana","category-esporte","category-ultima-hora"],"_links":{"self":[{"href":"https:\/\/diarioregionaldigital.com.br\/index.php?rest_route=\/wp\/v2\/posts\/206542","targetHints":{"allow":["GET"]}}],"collection":[{"href":"https:\/\/diarioregionaldigital.com.br\/index.php?rest_route=\/wp\/v2\/posts"}],"about":[{"href":"https:\/\/diarioregionaldigital.com.br\/index.php?rest_route=\/wp\/v2\/types\/post"}],"author":[{"embeddable":true,"href":"https:\/\/diarioregionaldigital.com.br\/index.php?rest_route=\/wp\/v2\/users\/246"}],"replies":[{"embeddable":true,"href":"https:\/\/diarioregionaldigital.com.br\/index.php?rest_route=%2Fwp%2Fv2%2Fcomments&post=206542"}],"version-history":[{"count":1,"href":"https:\/\/diarioregionaldigital.com.br\/index.php?rest_route=\/wp\/v2\/posts\/206542\/revisions"}],"predecessor-version":[{"id":206544,"href":"https:\/\/diarioregionaldigital.com.br\/index.php?rest_route=\/wp\/v2\/posts\/206542\/revisions\/206544"}],"wp:featuredmedia":[{"embeddable":true,"href":"https:\/\/diarioregionaldigital.com.br\/index.php?rest_route=\/wp\/v2\/media\/206543"}],"wp:attachment":[{"href":"https:\/\/diarioregionaldigital.com.br\/index.php?rest_route=%2Fwp%2Fv2%2Fmedia&parent=206542"}],"wp:term":[{"taxonomy":"category","embeddable":true,"href":"https:\/\/diarioregionaldigital.com.br\/index.php?rest_route=%2Fwp%2Fv2%2Fcategories&post=206542"},{"taxonomy":"post_tag","embeddable":true,"href":"https:\/\/diarioregionaldigital.com.br\/index.php?rest_route=%2Fwp%2Fv2%2Ftags&post=206542"}],"curies":[{"name":"wp","href":"https:\/\/api.w.org\/{rel}","templated":true}]}}