{"id":206539,"date":"2022-11-11T18:12:40","date_gmt":"2022-11-11T21:12:40","guid":{"rendered":"https:\/\/diarioregionaldigital.com.br\/?p=206539"},"modified":"2022-11-11T18:12:40","modified_gmt":"2022-11-11T21:12:40","slug":"tite-vive-seu-ultimo-capitulo-na-selecao-em-busca-do-hexa-no-catar","status":"publish","type":"post","link":"https:\/\/diarioregionaldigital.com.br\/?p=206539","title":{"rendered":"Tite vive seu \u00faltimo cap\u00edtulo na sele\u00e7\u00e3o em busca do hexa no Catar"},"content":{"rendered":"<p>O Brasil inicia a Copa do Mundo com uma certeza, a de que ter\u00e1 que escolher um novo comandante ao final da campanha no Catar. Isto porque o t\u00e9cnico Tite j\u00e1 declarou, no in\u00edcio do ano, que, independentemente do resultado final da competi\u00e7\u00e3o, deixar\u00e1 o comando da sele\u00e7\u00e3o brasileira ap\u00f3s o Mundial.<img decoding=\"async\" src=\"https:\/\/agenciabrasil.ebc.com.br\/ebc.png?id=1492911&amp;o=node\" \/><img decoding=\"async\" src=\"https:\/\/agenciabrasil.ebc.com.br\/ebc.gif?id=1492911&amp;o=node\" \/><\/p>\n<p>Mas antes mesmo de a bola rolar no dia 20 de novembro \u00e9 poss\u00edvel afirmar que o treinador deixar\u00e1 a sele\u00e7\u00e3o em uma situa\u00e7\u00e3o melhor do que a que encontrou em junho de 2016, quando assumiu oficialmente a equipe.<\/p>\n<h2>Chegada ap\u00f3s vexame<\/h2>\n<p>A equipe canarinho vinha de uma dolorida desclassifica\u00e7\u00e3o, ainda na primeira fase da Copa Am\u00e9rica Centen\u00e1rio ap\u00f3s derrota para a sele\u00e7\u00e3o peruana. Naquele momento, o Brasil apresentava um estilo de jogo que priorizava o pragmatismo em detrimento da qualidade t\u00e9cnica. Al\u00e9m disso, ainda vivia sob a sombra da vexat\u00f3ria derrota de 7 a 1 para a Alemanha no Mundial de 2014.<\/p>\n<p>A sele\u00e7\u00e3o tamb\u00e9m caminhava de forma claudicante nas Eliminat\u00f3rias para a Copa da R\u00fassia, ocupando apenas a 6\u00aa posi\u00e7\u00e3o, fora da zona de classifica\u00e7\u00e3o.<\/p>\n<p>Foi neste contexto que Tite, que havia conquistado o Campeonato Brasileiro de 2015 pelo Corinthians (equipe pela qual tamb\u00e9m foi campe\u00e3o nacional em 2011 e da Libertadores e do Mundial de Clubes em 2012), chegou com a miss\u00e3o de levar o Brasil \u00e0 Copa. E a miss\u00e3o dada foi cumprida.<\/p>\n<h2>Mundial da R\u00fassia<\/h2>\n<p>Na R\u00fassia a sele\u00e7\u00e3o brasileira fez um Mundial de altos e baixos. Na estreia, empatou com a Su\u00ed\u00e7a. Depois vieram vit\u00f3rias sobre Costa Rica e S\u00e9rvia que garantiram a classifica\u00e7\u00e3o como melhor do grupo. Nas oitavas o Brasil voltou a vencer, desta vez o M\u00e9xico, e chegou \u00e0s quartas, onde parou diante da B\u00e9lgica.<\/p>\n<p>Por\u00e9m, a c\u00fapula da CBF entendeu que Tite havia feito um bom trabalho, em especial pelo contexto no qual assumiu a equipe, e ofereceu a ele a oportunidade de comandar a sele\u00e7\u00e3o em um ciclo inteiro para uma Copa, no caso a de 2022 no Catar.<\/p>\n<h2>Primeiro t\u00edtulo<\/h2>\n<p>E foi justamente entre o Mundial de 2018 e o de 2022 que o treinador garantiu a sua primeira conquista no comando da equipe canarinho. Em pleno est\u00e1dio do Maracan\u00e3, o Brasil derrotou a sele\u00e7\u00e3o peruana por 3 a 1 para alcan\u00e7ar pela nona vez na hist\u00f3ria o t\u00edtulo da Copa Am\u00e9rica.<\/p>\n<p>Por\u00e9m, a prova de maior for\u00e7a da sele\u00e7\u00e3o veio no per\u00edodo de classifica\u00e7\u00e3o para a Copa. A equipe comandada por Tite terminou a campanha com 45 pontos, estabelecendo um novo recorde na hist\u00f3ria das Eliminat\u00f3rias Sul-Americanas no atual formato (antes a marca era da Argentina, com 43 pontos).<\/p>\n<p>E, na busca pela vaga para o Mundial no Catar, o treinador realizou um importante trabalho de renova\u00e7\u00e3o que deu oportunidades e protagonismo a jogadores como o meio-campista Lucas Paquet\u00e1 e os atacantes Vin\u00edcius J\u00fanior, Richarlison e Raphinha.<\/p>\n<p>Consequ\u00eancia direta da hist\u00f3rica campanha nas Eliminat\u00f3rias foi o retorno do Brasil \u00e0 lideran\u00e7a do ranking de sele\u00e7\u00f5es da Fifa em mar\u00e7o de 2022, feito alcan\u00e7ado ap\u00f3s um hiato de quase cinco anos.<\/p>\n<h2>Esperan\u00e7a no Catar<\/h2>\n<p>L\u00edder do ranking de sele\u00e7\u00f5es da Fifa, dono de um estilo de jogo que prioriza o ataque e em meio a um processo de renova\u00e7\u00e3o que come\u00e7a a dar frutos, o Brasil chega ao Catar como um dos favoritos a ficar com o t\u00edtulo. E uma das pe\u00e7as fundamentais deste trabalho de reconstru\u00e7\u00e3o \u00e9 o t\u00e9cnico Tite, que tem chances reais de encerrar sua passagem pela sele\u00e7\u00e3o com a conquista do hexacampeonato.<\/p>\n<p><span style=\"font-weight: 400;\">Fonte: Ag\u00eancia Brasil\u00a0<\/span><span style=\"font-weight: 400;\"><br \/>\n<\/span><\/p>\n","protected":false},"excerpt":{"rendered":"<p>O Brasil inicia a Copa do Mundo com uma certeza, a de que ter\u00e1 que escolher um novo comandante ao final da campanha no Catar. Isto porque o t\u00e9cnico Tite j\u00e1 declarou, no in\u00edcio do ano, que, independentemente do resultado final da competi\u00e7\u00e3o, deixar\u00e1 o comando da sele\u00e7\u00e3o brasileira ap\u00f3s o Mundial. Mas antes mesmo [&hellip;]<\/p>\n","protected":false},"author":246,"featured_media":206540,"comment_status":"closed","ping_status":"closed","sticky":false,"template":"","format":"standard","meta":{"footnotes":""},"categories":[436,257,439],"tags":[],"class_list":["post-206539","post","type-post","status-publish","format-standard","has-post-thumbnail","hentry","category-destaque-da-semana","category-esporte","category-ultima-hora"],"_links":{"self":[{"href":"https:\/\/diarioregionaldigital.com.br\/index.php?rest_route=\/wp\/v2\/posts\/206539","targetHints":{"allow":["GET"]}}],"collection":[{"href":"https:\/\/diarioregionaldigital.com.br\/index.php?rest_route=\/wp\/v2\/posts"}],"about":[{"href":"https:\/\/diarioregionaldigital.com.br\/index.php?rest_route=\/wp\/v2\/types\/post"}],"author":[{"embeddable":true,"href":"https:\/\/diarioregionaldigital.com.br\/index.php?rest_route=\/wp\/v2\/users\/246"}],"replies":[{"embeddable":true,"href":"https:\/\/diarioregionaldigital.com.br\/index.php?rest_route=%2Fwp%2Fv2%2Fcomments&post=206539"}],"version-history":[{"count":1,"href":"https:\/\/diarioregionaldigital.com.br\/index.php?rest_route=\/wp\/v2\/posts\/206539\/revisions"}],"predecessor-version":[{"id":206541,"href":"https:\/\/diarioregionaldigital.com.br\/index.php?rest_route=\/wp\/v2\/posts\/206539\/revisions\/206541"}],"wp:featuredmedia":[{"embeddable":true,"href":"https:\/\/diarioregionaldigital.com.br\/index.php?rest_route=\/wp\/v2\/media\/206540"}],"wp:attachment":[{"href":"https:\/\/diarioregionaldigital.com.br\/index.php?rest_route=%2Fwp%2Fv2%2Fmedia&parent=206539"}],"wp:term":[{"taxonomy":"category","embeddable":true,"href":"https:\/\/diarioregionaldigital.com.br\/index.php?rest_route=%2Fwp%2Fv2%2Fcategories&post=206539"},{"taxonomy":"post_tag","embeddable":true,"href":"https:\/\/diarioregionaldigital.com.br\/index.php?rest_route=%2Fwp%2Fv2%2Ftags&post=206539"}],"curies":[{"name":"wp","href":"https:\/\/api.w.org\/{rel}","templated":true}]}}