{"id":206533,"date":"2022-11-11T18:06:17","date_gmt":"2022-11-11T21:06:17","guid":{"rendered":"https:\/\/diarioregionaldigital.com.br\/?p=206533"},"modified":"2022-11-11T18:06:17","modified_gmt":"2022-11-11T21:06:17","slug":"caso-flordelis-impasse-quase-dissolve-juri","status":"publish","type":"post","link":"https:\/\/diarioregionaldigital.com.br\/?p=206533","title":{"rendered":"Caso Flordelis: impasse quase dissolve j\u00fari"},"content":{"rendered":"<p>O terceiro dia do julgamento da pastora e ex-deputada Flordelis dos Santos de Souza, acusada da morte do marido, pastor Anderson do Carmo, terminou em tumulto e quase levou \u00e0 dissolu\u00e7\u00e3o do j\u00fari, na noite desta\u00a0<span id=\"OBJ_PREFIX_DWT196_com_zimbra_date\" role=\"link\">quarta<\/span>-feira (9).<img decoding=\"async\" src=\"https:\/\/agenciabrasil.ebc.com.br\/ebc.png?id=1493145&amp;o=node\" \/><img decoding=\"async\" src=\"https:\/\/agenciabrasil.ebc.com.br\/ebc.gif?id=1493145&amp;o=node\" \/><\/p>\n<p>A proje\u00e7\u00e3o de um trecho do livro\u00a0<em>Plano Flordelis: b\u00edblia, filhos e sangue<\/em>, da jornalista Vera Ara\u00fajo, provocou revolta na defesa, que exigia a convoca\u00e7\u00e3o da autora para confirmar se a advogada Janira Rocha, que defende Flordelis, havia manipulado testemunhas da fam\u00edlia, conforme dava a entender um trecho da obra.<\/p>\n<p>Caso a jornalista n\u00e3o fosse chamada para depor, o advogado Rodrigo Faucz amea\u00e7ou, na frente da ju\u00edza Nearis Arce, abandonar o julgamento, o que poderia levar \u00e0 dissolu\u00e7\u00e3o do j\u00fari. A atitude gerou uma interrup\u00e7\u00e3o superior a duas horas nos trabalhos.<\/p>\n<p>A magistrada se negou a convocar Vera Ara\u00fajo e imp\u00f4s multa de 15 sal\u00e1rios m\u00ednimos a cada um dos advogados, caso esses abandonassem\u00a0o julgamento, o que levou a defesa a corrigir sua fala e voltar atr\u00e1s, ap\u00f3s uma reuni\u00e3o a portas fechadas. Por fim, a ju\u00edza classificou o epis\u00f3dio como um mal-entendido e marcou a continuidade do julgamento para a manh\u00e3 desta\u00a0<span id=\"OBJ_PREFIX_DWT197_com_zimbra_date\" role=\"link\">quinta<\/span>-feira (10).<\/p>\n<h2>Tumulto<\/h2>\n<p>O tumulto aconteceu um pouco antes do final do depoimento de Raquel dos Passos Silva, filha biol\u00f3gica de Carlos Ubiraci, filho afetivo de Flordelis, e neta da ex-deputada. Arrolada como testemunha de acusa\u00e7\u00e3o, Raquel relatou as diferen\u00e7as de tratamento dispensado a uma parte da fam\u00edlia, dividida entre\u00a0os mais e os menos privilegiados.<\/p>\n<p>Em dado momento, quando ela falava sobre a participa\u00e7\u00e3o da psic\u00f3loga Paula Barros, conhecida como Paula do V\u00f4lei, na unifica\u00e7\u00e3o das vers\u00f5es dos moradores da casa sobre a morte de Anderson, o Minist\u00e9rio P\u00fablico (MP) projetou uma p\u00e1gina do livro da jornalista Vera Ara\u00fajo, sugerindo que havia participa\u00e7\u00e3o da advogada Janira na instru\u00e7\u00e3o e manipula\u00e7\u00e3o de testemunhas, o que \u00e9 ilegal.<\/p>\n<p>\u201cA advogada conta que, com a ajuda de Paula do V\u00f4lei, usou a pr\u00f3pria experi\u00eancia de vida para persuadir algumas das filhas de Flordelis a tornar p\u00fablicas as investidas supostamente promovidas pelo pastor. Para criar empatia, a advogada abordava o assunto com elas revelando que havia sofrido abuso por parte do av\u00f4 aos 8 anos\u201d, cita o livro.<\/p>\n<p>Foi o que bastou para Janira se insurgir e negar veementemente que tenha, em qualquer momento, manipulado testemunhas, o que gerou a revolta nos demais advogados de defesa, em solidariedade.<\/p>\n<h2>Depoimentos<\/h2>\n<p>Antes dela, o primeiro depoimento foi de Luana Rangel Pimenta. Ela \u00e9 casada com o ex-vereador de S\u00e3o Gon\u00e7alo Wagner Pimenta, conhecido como Misael, filho adotivo de Flordelis. Luana falou aos jurados sobre as tentativas de envenenamento das quais Anderson j\u00e1 havia sido v\u00edtima. Ela disse que j\u00e1 tinha visto Flordelis colocar subst\u00e2ncias no suco de Anderson, alegando que era uma forma de ele tomar os rem\u00e9dios prescritos por m\u00e9dicos.<\/p>\n<p>Por mais de duas horas, Luana revelou informa\u00e7\u00f5es sobre a fam\u00edlia e sobre o dia do assassinato, em junho de 2019. Ela afirmou que n\u00e3o tinha d\u00favidas de que a sogra era a mandante do homic\u00eddio e que, nos dias seguintes \u00e0 morte, os parentes tentaram se afastar de Flordelis, com medo.<\/p>\n<p>O segundo a depor, como informante, foi Daniel, filho adotivo de Flordelis. Por videoconfer\u00eancia, ele se comoveu ao falar sobre Anderson e reconstituir os acontecimentos do dia do assassinato. Ele disse que estava dentro de seu quarto quando ouviu os tiros.<\/p>\n<p>Assustado, foi ver o que tinha acontecido e encontrou a m\u00e3e gritando que tinham matado o marido.<\/p>\n<p>Daniel, que disse que s\u00f3 soube que era adotado na delegacia, ap\u00f3s a morte do pastor, contou que j\u00e1 havia escutado um plano para matar Anderson, mas que a ideia n\u00e3o tinha sido executada.<\/p>\n<p>A filha afetiva Daiane de Freitas, terceira testemunha de acusa\u00e7\u00e3o a prestar depoimento, lembrou que o pastor Anderson do Carmo sempre falou bem da esposa, at\u00e9 na igreja, para todos, sempre com muito carinho, com muito amor. Para os filhos, ele dizia: \u201cA m\u00e3e de voc\u00eas, mesmo estando errada, ela est\u00e1 certa\u201d. Segundo a filha afetiva, ele sempre colocou Flordelis acima de tudo.<\/p>\n<p>Desde\u00a0<span id=\"OBJ_PREFIX_DWT198_com_zimbra_date\" role=\"link\">segunda<\/span>-feira (7), foram ouvidas nove testemunhas de acusa\u00e7\u00e3o: os delegados B\u00e1rbara Lomba e Allan Duarte, Regiane Ramos, o inspetor Tiago Vaz, os filhos de Flordelis Alexsander Mendes, chamado Luan, Wagner Pimenta, conhecido como Misael, Daniel de Souza e Daiane de Freitas e a nora Luana Pimenta, al\u00e9m de Raquel.<\/p>\n<p><span style=\"font-weight: 400;\">Fonte: Ag\u00eancia Brasil <\/span><\/p>\n","protected":false},"excerpt":{"rendered":"<p>O terceiro dia do julgamento da pastora e ex-deputada Flordelis dos Santos de Souza, acusada da morte do marido, pastor Anderson do Carmo, terminou em tumulto e quase levou \u00e0 dissolu\u00e7\u00e3o do j\u00fari, na noite desta\u00a0quarta-feira (9). A proje\u00e7\u00e3o de um trecho do livro\u00a0Plano Flordelis: b\u00edblia, filhos e sangue, da jornalista Vera Ara\u00fajo, provocou revolta [&hellip;]<\/p>\n","protected":false},"author":246,"featured_media":206534,"comment_status":"closed","ping_status":"closed","sticky":false,"template":"","format":"standard","meta":{"footnotes":""},"categories":[436,254,439],"tags":[],"class_list":["post-206533","post","type-post","status-publish","format-standard","has-post-thumbnail","hentry","category-destaque-da-semana","category-politica","category-ultima-hora"],"_links":{"self":[{"href":"https:\/\/diarioregionaldigital.com.br\/index.php?rest_route=\/wp\/v2\/posts\/206533","targetHints":{"allow":["GET"]}}],"collection":[{"href":"https:\/\/diarioregionaldigital.com.br\/index.php?rest_route=\/wp\/v2\/posts"}],"about":[{"href":"https:\/\/diarioregionaldigital.com.br\/index.php?rest_route=\/wp\/v2\/types\/post"}],"author":[{"embeddable":true,"href":"https:\/\/diarioregionaldigital.com.br\/index.php?rest_route=\/wp\/v2\/users\/246"}],"replies":[{"embeddable":true,"href":"https:\/\/diarioregionaldigital.com.br\/index.php?rest_route=%2Fwp%2Fv2%2Fcomments&post=206533"}],"version-history":[{"count":1,"href":"https:\/\/diarioregionaldigital.com.br\/index.php?rest_route=\/wp\/v2\/posts\/206533\/revisions"}],"predecessor-version":[{"id":206535,"href":"https:\/\/diarioregionaldigital.com.br\/index.php?rest_route=\/wp\/v2\/posts\/206533\/revisions\/206535"}],"wp:featuredmedia":[{"embeddable":true,"href":"https:\/\/diarioregionaldigital.com.br\/index.php?rest_route=\/wp\/v2\/media\/206534"}],"wp:attachment":[{"href":"https:\/\/diarioregionaldigital.com.br\/index.php?rest_route=%2Fwp%2Fv2%2Fmedia&parent=206533"}],"wp:term":[{"taxonomy":"category","embeddable":true,"href":"https:\/\/diarioregionaldigital.com.br\/index.php?rest_route=%2Fwp%2Fv2%2Fcategories&post=206533"},{"taxonomy":"post_tag","embeddable":true,"href":"https:\/\/diarioregionaldigital.com.br\/index.php?rest_route=%2Fwp%2Fv2%2Ftags&post=206533"}],"curies":[{"name":"wp","href":"https:\/\/api.w.org\/{rel}","templated":true}]}}