{"id":206530,"date":"2022-11-11T18:04:24","date_gmt":"2022-11-11T21:04:24","guid":{"rendered":"https:\/\/diarioregionaldigital.com.br\/?p=206530"},"modified":"2022-11-11T18:04:24","modified_gmt":"2022-11-11T21:04:24","slug":"pedido-de-vista-suspende-julgamento-de-deputado-pelo-stf","status":"publish","type":"post","link":"https:\/\/diarioregionaldigital.com.br\/?p=206530","title":{"rendered":"Pedido de vista suspende julgamento de deputado pelo STF"},"content":{"rendered":"<p>O Supremo Tribunal Federal (STF) suspendeu hoje (10) o julgamento da a\u00e7\u00e3o penal na qual a Procuradoria-Geral da Rep\u00fablica (PGR) acusa o deputado federal Silas C\u00e2mara (Republicanos-AM) de apropria\u00e7\u00e3o de parte do sal\u00e1rio de antigos assessores, pr\u00e1tica conhecida como &#8220;rachadinha&#8221;.<img decoding=\"async\" src=\"https:\/\/agenciabrasil.ebc.com.br\/ebc.png?id=1493292&amp;o=node\" \/><img decoding=\"async\" src=\"https:\/\/agenciabrasil.ebc.com.br\/ebc.gif?id=1493292&amp;o=node\" \/><\/p>\n<p>At\u00e9 o momento, o placar do julgamento est\u00e1 em 5 votos a 1 pela condena\u00e7\u00e3o do parlamentar a 5 anos e 3 meses de pris\u00e3o em regime semiaberto pelo crime de peculato.<\/p>\n<p>No entanto, o julgamento foi suspenso por um pedido de vista conjunto feito pelos ministros Andr\u00e9 Mendon\u00e7a e Dias Toffoli. N\u00e3o h\u00e1 data para a retomada da an\u00e1lise do caso.<\/p>\n<p>De acordo com a acusa\u00e7\u00e3o, a suposta apropria\u00e7\u00e3o dos sal\u00e1rios de secret\u00e1rios parlamentares que trabalhavam no gabinete do deputado em Bras\u00edlia e no Amazonas teria ocorrido entre janeiro de 2000 e dezembro de 2001.<\/p>\n<p>Para a PGR, dep\u00f3sitos de cheques, transfer\u00eancias eletr\u00f4nicas e saques fracionados em caixas eletr\u00f4nicos seriam provas do crime de peculato.<\/p>\n<p>Os votos pela condena\u00e7\u00e3o foram proferidos pelos ministros Lu\u00eds Roberto Barroso, Edson Fachin, C\u00e1rmen L\u00facia, Rosa Weber e Alexandre de Moraes.<\/p>\n<p>Nunes Marques divergiu da maioria e votou pela nulidade do inqu\u00e9rito que originou as acusa\u00e7\u00f5es. Para o ministro, o deputado s\u00f3 poderia ter ser investigado ap\u00f3s a autoriza\u00e7\u00e3o do STF em fun\u00e7\u00e3o do foro privilegiado.<\/p>\n<h2>Defesa<\/h2>\n<p>Durante a primeira sess\u00e3o para julgamento do caso, realizada na semana passada, a defesa de Silas C\u00e2mara negou as acusa\u00e7\u00f5es e afirmou que a den\u00fancia foi feita h\u00e1 mais de 20 anos por desafetos pol\u00edticos que eram ligados ao suplente do deputado.<\/p>\n<p>Sobre os saques feitos por funcion\u00e1rios do gabinete, a defesa sustentou que somente os saques em esp\u00e9cie n\u00e3o seriam suficientes para configurar a culpa do parlamentar. Al\u00e9m disso, sustentou que dep\u00f3sitos recebidos em conta se tratavam do pagamento de empr\u00e9stimos concedidos aos funcion\u00e1rios.<\/p>\n<p><span style=\"font-weight: 400;\">Fonte: Ag\u00eancia Brasil <\/span><\/p>\n","protected":false},"excerpt":{"rendered":"<p>O Supremo Tribunal Federal (STF) suspendeu hoje (10) o julgamento da a\u00e7\u00e3o penal na qual a Procuradoria-Geral da Rep\u00fablica (PGR) acusa o deputado federal Silas C\u00e2mara (Republicanos-AM) de apropria\u00e7\u00e3o de parte do sal\u00e1rio de antigos assessores, pr\u00e1tica conhecida como &#8220;rachadinha&#8221;. At\u00e9 o momento, o placar do julgamento est\u00e1 em 5 votos a 1 pela condena\u00e7\u00e3o [&hellip;]<\/p>\n","protected":false},"author":246,"featured_media":206531,"comment_status":"closed","ping_status":"closed","sticky":false,"template":"","format":"standard","meta":{"footnotes":""},"categories":[436,254,439],"tags":[],"class_list":["post-206530","post","type-post","status-publish","format-standard","has-post-thumbnail","hentry","category-destaque-da-semana","category-politica","category-ultima-hora"],"_links":{"self":[{"href":"https:\/\/diarioregionaldigital.com.br\/index.php?rest_route=\/wp\/v2\/posts\/206530","targetHints":{"allow":["GET"]}}],"collection":[{"href":"https:\/\/diarioregionaldigital.com.br\/index.php?rest_route=\/wp\/v2\/posts"}],"about":[{"href":"https:\/\/diarioregionaldigital.com.br\/index.php?rest_route=\/wp\/v2\/types\/post"}],"author":[{"embeddable":true,"href":"https:\/\/diarioregionaldigital.com.br\/index.php?rest_route=\/wp\/v2\/users\/246"}],"replies":[{"embeddable":true,"href":"https:\/\/diarioregionaldigital.com.br\/index.php?rest_route=%2Fwp%2Fv2%2Fcomments&post=206530"}],"version-history":[{"count":1,"href":"https:\/\/diarioregionaldigital.com.br\/index.php?rest_route=\/wp\/v2\/posts\/206530\/revisions"}],"predecessor-version":[{"id":206532,"href":"https:\/\/diarioregionaldigital.com.br\/index.php?rest_route=\/wp\/v2\/posts\/206530\/revisions\/206532"}],"wp:featuredmedia":[{"embeddable":true,"href":"https:\/\/diarioregionaldigital.com.br\/index.php?rest_route=\/wp\/v2\/media\/206531"}],"wp:attachment":[{"href":"https:\/\/diarioregionaldigital.com.br\/index.php?rest_route=%2Fwp%2Fv2%2Fmedia&parent=206530"}],"wp:term":[{"taxonomy":"category","embeddable":true,"href":"https:\/\/diarioregionaldigital.com.br\/index.php?rest_route=%2Fwp%2Fv2%2Fcategories&post=206530"},{"taxonomy":"post_tag","embeddable":true,"href":"https:\/\/diarioregionaldigital.com.br\/index.php?rest_route=%2Fwp%2Fv2%2Ftags&post=206530"}],"curies":[{"name":"wp","href":"https:\/\/api.w.org\/{rel}","templated":true}]}}