{"id":206527,"date":"2022-11-11T18:02:15","date_gmt":"2022-11-11T21:02:15","guid":{"rendered":"https:\/\/diarioregionaldigital.com.br\/?p=206527"},"modified":"2022-11-11T18:02:15","modified_gmt":"2022-11-11T21:02:15","slug":"justica-do-rio-revoga-dois-mandados-de-prisao-contra-sergio-cabral","status":"publish","type":"post","link":"https:\/\/diarioregionaldigital.com.br\/?p=206527","title":{"rendered":"Justi\u00e7a do Rio revoga dois mandados de pris\u00e3o contra S\u00e9rgio Cabral"},"content":{"rendered":"<p>A 5\u00aa C\u00e2mara Criminal do Tribunal de Justi\u00e7a do Rio de Janeiro revogou hoje (10), por unanimidade, dois mandados de pris\u00e3o preventiva contra o ex-governador S\u00e9rgio Cabral. Desta forma fica restando apenas uma ordem de pris\u00e3o em vigor contra Cabral, expedida pelo ex-juiz da 13\u00aa Vara Federal de Curitiba, S\u00e9rgio Moro que est\u00e1 em an\u00e1lise no Supremo Tribunal Federal (STF).<img decoding=\"async\" src=\"https:\/\/agenciabrasil.ebc.com.br\/ebc.png?id=1493304&amp;o=node\" \/><img decoding=\"async\" src=\"https:\/\/agenciabrasil.ebc.com.br\/ebc.gif?id=1493304&amp;o=node\" \/><\/p>\n<p>O ex-governador est\u00e1 com a pris\u00e3o preventiva decretada h\u00e1 seis anos, desde novembro de 2016. Cinco mandados de pris\u00e3o preventiva foram expedidos contra Cabral. Quatro deles j\u00e1 revogados pela Justi\u00e7a, sendo que dois foram convertidos em pris\u00e3o domiciliar com monitoramento eletr\u00f4nico.<\/p>\n<h2>Defesa<\/h2>\n<p>A decis\u00e3o foi comemorada pela defesa do ex-governador. \u201cTomada de forma un\u00e2nime, a decis\u00e3o mostra o compromisso do colegiado com a Constitui\u00e7\u00e3o e o devido processo legal, al\u00e9m de ser eloquente em demonstrar a absoluta aus\u00eancia de contemporaneidade e motivos para manter preso o ex-governador, conforme demonstrado pela defesa no curso do processo\u201d, diz a nota assinada pelos advogados Patr\u00edcia Proetti, Daniel Bialski e Bruno Borragine.<\/p>\n<h2>STF<\/h2>\n<p>A 2\u00aa Turma do Supremo Tribunal Federal (STF) analisa pedido de anula\u00e7\u00e3o da condena\u00e7\u00e3o de Cabral imposta pelo ex-juiz S\u00e9rgio Moro e a ordem de pris\u00e3o preventiva relacionada ao caso. O relator, Edson Fachin, votou pela manuten\u00e7\u00e3o da pris\u00e3o.<\/p>\n<p>O ministro Ricardo Lewandowski votou pela revoga\u00e7\u00e3o. O julgamento foi interrompido por pedido de vista do ministro Andr\u00e9 Mendon\u00e7a. Faltam votar os ministros Gilmar Mendes e Nunes Marques.<\/p>\n<h2>Opera\u00e7\u00e3o Calicute<\/h2>\n<p>Cabral foi preso no \u00e2mbito da\u00a0<a href=\"https:\/\/agenciabrasil.ebc.com.br\/politica\/noticia\/2016-11\/sergio-cabral-e-preso-no-rio-em-operacao-conduzida-pelo-nucleo-da-lava-jato\" target=\"_blank\" rel=\"noopener\">Opera\u00e7\u00e3o Calicute<\/a>, em novembro de 2016, acusado de desvio de recursos p\u00fablicos federais em obras realizadas pelo governo do estado do Rio de Janeiro. O preju\u00edzo estimado \u00e9 superior a R$ 220 milh\u00f5es.<\/p>\n<p>A apura\u00e7\u00e3o identificou fortes ind\u00edcios de carteliza\u00e7\u00e3o de grandes obras executadas com recursos federais mediante pagamento de propinas a agentes p\u00fablicos, entre eles, o ex-governador do Rio de Janeiro S\u00e9rgio Cabral, preso em sua resid\u00eancia, no Leblon, bairro da zona sul do Rio.<\/p>\n<p>Ao todo, 38 mandados de busca e apreens\u00e3o, oito mandados de pris\u00e3o preventiva, dois de pris\u00e3o tempor\u00e1ria e 14 de condu\u00e7\u00e3o coercitiva foram expedidos pela 7\u00aa Vara Federal Criminal do Rio de Janeiro, al\u00e9m de 14 mandados de busca e apreens\u00e3o, dois de pris\u00e3o preventiva e um de pris\u00e3o tempor\u00e1ria expedidos pela 13\u00aa Vara Federal de Curitiba.<\/p>\n<p><span style=\"font-weight: 400;\">Fonte: Ag\u00eancia Brasil <\/span><\/p>\n","protected":false},"excerpt":{"rendered":"<p>A 5\u00aa C\u00e2mara Criminal do Tribunal de Justi\u00e7a do Rio de Janeiro revogou hoje (10), por unanimidade, dois mandados de pris\u00e3o preventiva contra o ex-governador S\u00e9rgio Cabral. Desta forma fica restando apenas uma ordem de pris\u00e3o em vigor contra Cabral, expedida pelo ex-juiz da 13\u00aa Vara Federal de Curitiba, S\u00e9rgio Moro que est\u00e1 em an\u00e1lise [&hellip;]<\/p>\n","protected":false},"author":246,"featured_media":206528,"comment_status":"closed","ping_status":"closed","sticky":false,"template":"","format":"standard","meta":{"footnotes":""},"categories":[436,254,439],"tags":[],"class_list":["post-206527","post","type-post","status-publish","format-standard","has-post-thumbnail","hentry","category-destaque-da-semana","category-politica","category-ultima-hora"],"_links":{"self":[{"href":"https:\/\/diarioregionaldigital.com.br\/index.php?rest_route=\/wp\/v2\/posts\/206527","targetHints":{"allow":["GET"]}}],"collection":[{"href":"https:\/\/diarioregionaldigital.com.br\/index.php?rest_route=\/wp\/v2\/posts"}],"about":[{"href":"https:\/\/diarioregionaldigital.com.br\/index.php?rest_route=\/wp\/v2\/types\/post"}],"author":[{"embeddable":true,"href":"https:\/\/diarioregionaldigital.com.br\/index.php?rest_route=\/wp\/v2\/users\/246"}],"replies":[{"embeddable":true,"href":"https:\/\/diarioregionaldigital.com.br\/index.php?rest_route=%2Fwp%2Fv2%2Fcomments&post=206527"}],"version-history":[{"count":1,"href":"https:\/\/diarioregionaldigital.com.br\/index.php?rest_route=\/wp\/v2\/posts\/206527\/revisions"}],"predecessor-version":[{"id":206529,"href":"https:\/\/diarioregionaldigital.com.br\/index.php?rest_route=\/wp\/v2\/posts\/206527\/revisions\/206529"}],"wp:featuredmedia":[{"embeddable":true,"href":"https:\/\/diarioregionaldigital.com.br\/index.php?rest_route=\/wp\/v2\/media\/206528"}],"wp:attachment":[{"href":"https:\/\/diarioregionaldigital.com.br\/index.php?rest_route=%2Fwp%2Fv2%2Fmedia&parent=206527"}],"wp:term":[{"taxonomy":"category","embeddable":true,"href":"https:\/\/diarioregionaldigital.com.br\/index.php?rest_route=%2Fwp%2Fv2%2Fcategories&post=206527"},{"taxonomy":"post_tag","embeddable":true,"href":"https:\/\/diarioregionaldigital.com.br\/index.php?rest_route=%2Fwp%2Fv2%2Ftags&post=206527"}],"curies":[{"name":"wp","href":"https:\/\/api.w.org\/{rel}","templated":true}]}}