{"id":206518,"date":"2022-11-11T17:54:00","date_gmt":"2022-11-11T20:54:00","guid":{"rendered":"https:\/\/diarioregionaldigital.com.br\/?p=206518"},"modified":"2022-11-11T17:54:00","modified_gmt":"2022-11-11T20:54:00","slug":"confianca-do-empresario-industrial-cai-pelo-segundo-mes-seguido","status":"publish","type":"post","link":"https:\/\/diarioregionaldigital.com.br\/?p=206518","title":{"rendered":"Confian\u00e7a do empres\u00e1rio industrial cai pelo segundo m\u00eas seguido"},"content":{"rendered":"<p><a href=\"http:\/\/www.portaldaindustria.com.br\/estatisticas\/icei-indice-de-confianca-do-empresario-industrial\/\" target=\"_blank\" rel=\"noopener\">O \u00cdndice de Confian\u00e7a do Empres\u00e1rio Industrial<\/a>\u00a0(Icei) recuou 8,5 pontos entre outubro e novembro de 2022 e est\u00e1 em 51,7 pontos. \u00c9 o segundo m\u00eas consecutivo de piora da confian\u00e7a, ap\u00f3s sucessivos avan\u00e7os de otimismo do setor industrial ao longo do ano. Os dados foram divulgados hoje (11) pela Confedera\u00e7\u00e3o Nacional da Ind\u00fastria (CNI).<img decoding=\"async\" src=\"https:\/\/agenciabrasil.ebc.com.br\/ebc.png?id=1493341&amp;o=node\" \/><img decoding=\"async\" src=\"https:\/\/agenciabrasil.ebc.com.br\/ebc.gif?id=1493341&amp;o=node\" \/><\/p>\n<p>Apesar da forte queda, os empres\u00e1rios da ind\u00fastria seguem confiantes, pois o indicador permanece acima da linha divis\u00f3ria de 50 pontos, que separa um estado de confian\u00e7a de um estado de falta de confian\u00e7a.<\/p>\n<p>Segundo a CNI, a piora foi mais intensa quando se avalia o futuro da economia nos pr\u00f3ximos seis meses. O \u00cdndice de Expectativas, um dos dois componentes do Icei, caiu de 59,3 pontos para 45,9 pontos, atravessando a linha divis\u00f3ria dos 50 pontos. &#8220;Nesse caso, o setor industrial migrou do otimismo ao pessimismo&#8221;, explica a CNI.<\/p>\n<h2>Economia<\/h2>\n<p>J\u00e1 o \u00cdndice de Condi\u00e7\u00f5es Atuais, outro componente do Icei, recuou 3,7 pontos para 53,2 pontos. Ao permanecer acima dos 50 pontos, o \u00edndice continua apontando melhora das condi\u00e7\u00f5es atuais da economia brasileira e das empresas em rela\u00e7\u00e3o aos seis meses anteriores.<\/p>\n<p>\u201cNa avalia\u00e7\u00e3o dos empres\u00e1rios, contudo, a percep\u00e7\u00e3o de melhora se mostra mais fraca e menos disseminada que no m\u00eas de outubro\u201d, explicou a CNI, em comunicado.<\/p>\n<p>Foram consultadas 1.578 empresas, entre 1\u00ba e 8 de novembro de 2022, sendo 620 de pequeno porte, 590 m\u00e9dias empresas e 368 de grande porte.<\/p>\n<p><span style=\"font-weight: 400;\">Fonte: Ag\u00eancia Brasil\u00a0<\/span><span style=\"font-weight: 400;\"><br \/>\n<\/span><\/p>\n","protected":false},"excerpt":{"rendered":"<p>O \u00cdndice de Confian\u00e7a do Empres\u00e1rio Industrial\u00a0(Icei) recuou 8,5 pontos entre outubro e novembro de 2022 e est\u00e1 em 51,7 pontos. \u00c9 o segundo m\u00eas consecutivo de piora da confian\u00e7a, ap\u00f3s sucessivos avan\u00e7os de otimismo do setor industrial ao longo do ano. Os dados foram divulgados hoje (11) pela Confedera\u00e7\u00e3o Nacional da Ind\u00fastria (CNI). Apesar [&hellip;]<\/p>\n","protected":false},"author":246,"featured_media":206519,"comment_status":"closed","ping_status":"closed","sticky":false,"template":"","format":"standard","meta":{"footnotes":""},"categories":[436,261,439],"tags":[],"class_list":["post-206518","post","type-post","status-publish","format-standard","has-post-thumbnail","hentry","category-destaque-da-semana","category-economia","category-ultima-hora"],"_links":{"self":[{"href":"https:\/\/diarioregionaldigital.com.br\/index.php?rest_route=\/wp\/v2\/posts\/206518","targetHints":{"allow":["GET"]}}],"collection":[{"href":"https:\/\/diarioregionaldigital.com.br\/index.php?rest_route=\/wp\/v2\/posts"}],"about":[{"href":"https:\/\/diarioregionaldigital.com.br\/index.php?rest_route=\/wp\/v2\/types\/post"}],"author":[{"embeddable":true,"href":"https:\/\/diarioregionaldigital.com.br\/index.php?rest_route=\/wp\/v2\/users\/246"}],"replies":[{"embeddable":true,"href":"https:\/\/diarioregionaldigital.com.br\/index.php?rest_route=%2Fwp%2Fv2%2Fcomments&post=206518"}],"version-history":[{"count":1,"href":"https:\/\/diarioregionaldigital.com.br\/index.php?rest_route=\/wp\/v2\/posts\/206518\/revisions"}],"predecessor-version":[{"id":206520,"href":"https:\/\/diarioregionaldigital.com.br\/index.php?rest_route=\/wp\/v2\/posts\/206518\/revisions\/206520"}],"wp:featuredmedia":[{"embeddable":true,"href":"https:\/\/diarioregionaldigital.com.br\/index.php?rest_route=\/wp\/v2\/media\/206519"}],"wp:attachment":[{"href":"https:\/\/diarioregionaldigital.com.br\/index.php?rest_route=%2Fwp%2Fv2%2Fmedia&parent=206518"}],"wp:term":[{"taxonomy":"category","embeddable":true,"href":"https:\/\/diarioregionaldigital.com.br\/index.php?rest_route=%2Fwp%2Fv2%2Fcategories&post=206518"},{"taxonomy":"post_tag","embeddable":true,"href":"https:\/\/diarioregionaldigital.com.br\/index.php?rest_route=%2Fwp%2Fv2%2Ftags&post=206518"}],"curies":[{"name":"wp","href":"https:\/\/api.w.org\/{rel}","templated":true}]}}