{"id":206515,"date":"2022-11-11T17:52:47","date_gmt":"2022-11-11T20:52:47","guid":{"rendered":"https:\/\/diarioregionaldigital.com.br\/?p=206515"},"modified":"2022-11-11T17:52:47","modified_gmt":"2022-11-11T20:52:47","slug":"abate-de-bovinos-tem-alta-de-112-no-terceiro-trimestre","status":"publish","type":"post","link":"https:\/\/diarioregionaldigital.com.br\/?p=206515","title":{"rendered":"Abate de bovinos tem alta de 11,2% no terceiro trimestre"},"content":{"rendered":"<p>O abate de bovinos cresceu 11,2% entre julho e setembro de 2022, em rela\u00e7\u00e3o a igual per\u00edodo do ano passado e atingiu 7,81 milh\u00f5es de cabe\u00e7as. Na compara\u00e7\u00e3o com o segundo trimestre deste ano, o avan\u00e7o \u00e9 de 5,8%. Esses s\u00e3o os resultados preliminares da pesquisa Estat\u00edstica da Produ\u00e7\u00e3o Pecu\u00e1ria.<img decoding=\"async\" src=\"https:\/\/agenciabrasil.ebc.com.br\/ebc.png?id=1493367&amp;o=node\" \/><img decoding=\"async\" src=\"https:\/\/agenciabrasil.ebc.com.br\/ebc.gif?id=1493367&amp;o=node\" \/><\/p>\n<p>Segundo o Instituto Brasileiro de Geografia e Estat\u00edstica (IBGE), que fez a divulga\u00e7\u00e3o hoje (11), no Rio de Janeiro, os resultados completos para o terceiro trimestre de 2022 e para as unidades da federa\u00e7\u00e3o ser\u00e3o apresentados no dia 7 de dezembro.<\/p>\n<p>Ainda na compara\u00e7\u00e3o entre os terceiros trimestres de 2022 e 2021, a pesquisa mostrou que houve alta de 4,4% com o abate de 14,37 milh\u00f5es de su\u00ednos e 2,1% frente ao segundo trimestre deste ano. Foi anotado aumento tamb\u00e9m (0,9%) nos frangos com o abate de 1,55 bilh\u00e3o de cabe\u00e7as e 3,1% em rela\u00e7\u00e3o ao trimestre imediatamente anterior.<\/p>\n<h2>Carca\u00e7as<\/h2>\n<p>Os primeiros resultados indicam, ainda, que, no terceiro trimestre deste ano, houve 2,12 milh\u00f5es de carca\u00e7as bovinas, o que significa alta de 11,1% frente aos mesmos tr\u00eas meses do ano anterior e de 9,2% se comparado ao segundo trimestre de 2022.<\/p>\n<p>Ainda conforme as estat\u00edsticas, o peso das carca\u00e7as de su\u00ednos chegou a 1,33 milh\u00e3o de toneladas. \u201cAumento de 3,8% em rela\u00e7\u00e3o ao terceiro trimestre de 2021 e incremento de 1,4% em rela\u00e7\u00e3o ao trimestre imediatamente anterior\u201d, informou o IBGE.<\/p>\n<p>Tamb\u00e9m entre julho e setembro de 2022, o peso das carca\u00e7as de frango alcan\u00e7ou 3,73 milh\u00f5es de toneladas. O volume \u00e9 equivalente a uma alta de 2,2% tanto em rela\u00e7\u00e3o ao terceiro trimestre de 2021, quanto ao segundo trimestre de 2022.<\/p>\n<h2>Leite<\/h2>\n<p>As estat\u00edsticas com os resultados preliminares apontam tamb\u00e9m que a aquisi\u00e7\u00e3o de leite cru feita pelos estabelecimentos que atuam sob algum tipo de inspe\u00e7\u00e3o sanit\u00e1ria (federal, estadual ou municipal) atingiu seis bilh\u00f5es de litros no terceiro trimestre de 2022.<\/p>\n<p>Esse \u201cvalor representa redu\u00e7\u00e3o de 3,4% na compara\u00e7\u00e3o com o volume registrado no terceiro trimestre de 2021 e aumento de 11,1% em rela\u00e7\u00e3o ao obtido no segundo trimestre de 2022\u201d, disse o IBGE.<\/p>\n<h2>Ovos<\/h2>\n<p>Com a produ\u00e7\u00e3o de 1,01 bilh\u00e3o de d\u00fazias de ovos de galinha no terceiro trimestre de 2022, o resultado representa queda de 0,2% se comparado ao mesmo per\u00edodo de 2021 e aumento de 1,4% em rela\u00e7\u00e3o ao segundo trimestre de 2022.<\/p>\n<h2>Couro<\/h2>\n<p>Os primeiros resultados da Pesquisa Trimestral do Couro &#8211; que investiga os curtumes que efetuam curtimento de pelo menos cinco mil unidades inteiras de couro cru bovino por ano &#8211; indicaram a produ\u00e7\u00e3o de 7,89 milh\u00f5es de pe\u00e7as inteiras de couro cru no terceiro trimestre de 2022.<\/p>\n<p>O volume corresponde a um aumento de 5,4% frente ao terceiro trimestre de 2021, e ainda em rela\u00e7\u00e3o ao trimestre imediatamente anterior.<\/p>\n<p><span style=\"font-weight: 400;\"><br \/>\n<\/span><span style=\"font-weight: 400;\">Fonte: Ag\u00eancia Brasil <\/span><\/p>\n","protected":false},"excerpt":{"rendered":"<p>O abate de bovinos cresceu 11,2% entre julho e setembro de 2022, em rela\u00e7\u00e3o a igual per\u00edodo do ano passado e atingiu 7,81 milh\u00f5es de cabe\u00e7as. Na compara\u00e7\u00e3o com o segundo trimestre deste ano, o avan\u00e7o \u00e9 de 5,8%. Esses s\u00e3o os resultados preliminares da pesquisa Estat\u00edstica da Produ\u00e7\u00e3o Pecu\u00e1ria. Segundo o Instituto Brasileiro de [&hellip;]<\/p>\n","protected":false},"author":246,"featured_media":206516,"comment_status":"closed","ping_status":"closed","sticky":false,"template":"","format":"standard","meta":{"footnotes":""},"categories":[436,261,439],"tags":[],"class_list":["post-206515","post","type-post","status-publish","format-standard","has-post-thumbnail","hentry","category-destaque-da-semana","category-economia","category-ultima-hora"],"_links":{"self":[{"href":"https:\/\/diarioregionaldigital.com.br\/index.php?rest_route=\/wp\/v2\/posts\/206515","targetHints":{"allow":["GET"]}}],"collection":[{"href":"https:\/\/diarioregionaldigital.com.br\/index.php?rest_route=\/wp\/v2\/posts"}],"about":[{"href":"https:\/\/diarioregionaldigital.com.br\/index.php?rest_route=\/wp\/v2\/types\/post"}],"author":[{"embeddable":true,"href":"https:\/\/diarioregionaldigital.com.br\/index.php?rest_route=\/wp\/v2\/users\/246"}],"replies":[{"embeddable":true,"href":"https:\/\/diarioregionaldigital.com.br\/index.php?rest_route=%2Fwp%2Fv2%2Fcomments&post=206515"}],"version-history":[{"count":1,"href":"https:\/\/diarioregionaldigital.com.br\/index.php?rest_route=\/wp\/v2\/posts\/206515\/revisions"}],"predecessor-version":[{"id":206517,"href":"https:\/\/diarioregionaldigital.com.br\/index.php?rest_route=\/wp\/v2\/posts\/206515\/revisions\/206517"}],"wp:featuredmedia":[{"embeddable":true,"href":"https:\/\/diarioregionaldigital.com.br\/index.php?rest_route=\/wp\/v2\/media\/206516"}],"wp:attachment":[{"href":"https:\/\/diarioregionaldigital.com.br\/index.php?rest_route=%2Fwp%2Fv2%2Fmedia&parent=206515"}],"wp:term":[{"taxonomy":"category","embeddable":true,"href":"https:\/\/diarioregionaldigital.com.br\/index.php?rest_route=%2Fwp%2Fv2%2Fcategories&post=206515"},{"taxonomy":"post_tag","embeddable":true,"href":"https:\/\/diarioregionaldigital.com.br\/index.php?rest_route=%2Fwp%2Fv2%2Ftags&post=206515"}],"curies":[{"name":"wp","href":"https:\/\/api.w.org\/{rel}","templated":true}]}}