{"id":206512,"date":"2022-11-11T17:51:11","date_gmt":"2022-11-11T20:51:11","guid":{"rendered":"https:\/\/diarioregionaldigital.com.br\/?p=206512"},"modified":"2022-11-11T17:51:11","modified_gmt":"2022-11-11T20:51:11","slug":"setor-de-servicos-cresce-09-em-setembro-informa-ibge","status":"publish","type":"post","link":"https:\/\/diarioregionaldigital.com.br\/?p=206512","title":{"rendered":"Setor de servi\u00e7os cresce 0,9% em setembro, informa IBGE"},"content":{"rendered":"<p>O setor de servi\u00e7os cresceu 0,9% em setembro e atingiu o quinto resultado positivo seguido. O ganho acumulado no per\u00edodo ficou em 4,9%, segundo dados da Pesquisa Mensal de Servi\u00e7os (PMS), divulgados hoje (11), pelo Instituto Brasileiro de Geografia e Estat\u00edstica (IBGE).<img decoding=\"async\" src=\"https:\/\/agenciabrasil.ebc.com.br\/ebc.png?id=1493362&amp;o=node\" \/><img decoding=\"async\" src=\"https:\/\/agenciabrasil.ebc.com.br\/ebc.gif?id=1493362&amp;o=node\" \/><\/p>\n<p>O setor est\u00e1 11,8% acima do n\u00edvel de fevereiro de 2020 (pr\u00e9-pandemia) e alcan\u00e7a o novo ponto mais alto da s\u00e9rie hist\u00f3rica, superando novembro de 2014.<\/p>\n<p>Se comparado a setembro de 2021, o volume de servi\u00e7os subiu 9,7%, sendo a 19\u00aa nona taxa positiva consecutiva. Nessa compara\u00e7\u00e3o, houve expans\u00e3o em todas as cinco atividades e crescimento em 63,3% dos 166 tipos de servi\u00e7os investigados. \u201cEntre os setores, o de transportes, servi\u00e7os auxiliares aos transportes e correio (15,3%) exerceu a principal contribui\u00e7\u00e3o positiva sobre o volume total de servi\u00e7os. Os demais avan\u00e7os vieram dos servi\u00e7os de informa\u00e7\u00e3o e comunica\u00e7\u00e3o (6%); dos profissionais, administrativos e complementares (6,9%); dos prestados \u00e0s fam\u00edlias (17,8%) e de outros servi\u00e7os (2,6%)\u201d, informou o IBGE.<\/p>\n<p>No ano, o acumulado do volume de servi\u00e7os avan\u00e7ou 8,6% na compara\u00e7\u00e3o com o mesmo per\u00edodo de 2021. Em 12 meses, passou de 9%, em agosto, para 8,9%, em setembro, e permaneceu com a trajet\u00f3ria descendente iniciada em abril de 2022, quando registrou 12,8%.<\/p>\n<p>&#8220;Essa maior frequ\u00eancia de taxas positivas tem correla\u00e7\u00e3o com a volta das atividades de car\u00e1ter presencial, como servi\u00e7os prestados \u00e0s fam\u00edlias, loca\u00e7\u00e3o de autom\u00f3veis, algumas atividades tur\u00edsticas e transportes de para trazerem o setor de servi\u00e7os para o patamar que se encontra hoje&#8221;, diz o gerente da pesquisa, Rodrigo Lobo. O t\u00e9cnico destacou ainda que a renova\u00e7\u00e3o da s\u00e9rie hist\u00f3rica deve-se tamb\u00e9m aos &#8220;servi\u00e7os voltados \u00e0s empresas&#8221;.<\/p>\n<p>O analista acrescentou que tanto o setor de transportes quanto o de informa\u00e7\u00e3o e comunica\u00e7\u00e3o est\u00e3o pesando mais do que 30 pontos percentuais nos servi\u00e7os e, combinados, alcan\u00e7aram 65,8% do setor. \u201cO crescimento dessas duas atividades, seja por meio dos servi\u00e7os de tecnologia da informa\u00e7\u00e3o ou por transportes de cargas, tamb\u00e9m a parte de armazenamento de mercadorias, log\u00edstica, transportes, s\u00e3o aquelas que fizeram com que o setor de servi\u00e7os tivessem alcan\u00e7ado o \u00a0n\u00edvel que se encontra em 2022\u201d, completou.<\/p>\n<h2>Segmentos<\/h2>\n<p>Conforme a pesquisa, tr\u00eas das cinco atividades investigadas acompanharam o avan\u00e7o de 0,9% do volume de servi\u00e7os em setembro de 2022, comparado ao m\u00eas anterior. Entre os destaques, a de informa\u00e7\u00e3o e comunica\u00e7\u00e3o teve alta de 2%, sendo o terceiro resultado positivo consecutivo, com ganho acumulado de 4,1%. \u201cTodos os grupamentos dentro dos servi\u00e7os de informa\u00e7\u00e3o e comunica\u00e7\u00e3o mostraram crescimento\u201d, informou o gerente.<\/p>\n<p>As outras eleva\u00e7\u00f5es foram nos servi\u00e7os prestados \u00e0s fam\u00edlias com 1%, emplacando o s\u00e9timo crescimento seguido, fazendo um ganho acumulado de 11,7%; e em profissionais, administrativos e complementares de 0,2%, que mostrou um comportamento menor, com ganho agregado de 0,3% nos dois \u00faltimos meses.<\/p>\n<p>Dentro dos servi\u00e7os prestados \u00e0s fam\u00edlias, a PMS registrou avan\u00e7o na receita das empresas de restaurantes; hot\u00e9is; servi\u00e7os de buf\u00ea e atividades de condicionamento f\u00edsico. Nos servi\u00e7os profissionais administrativos e complementares, a alta foi em loca\u00e7\u00e3o de autom\u00f3veis; servi\u00e7os de engenharia; solu\u00e7\u00f5es de pagamentos eletr\u00f4nicos; consultoria em gest\u00e3o empresarial; atividades de cobran\u00e7as e informa\u00e7\u00f5es cadastrais; gest\u00e3o de ativos intang\u00edveis; e organiza\u00e7\u00e3o, promo\u00e7\u00e3o e gest\u00e3o de feiras, congressos e conven\u00e7\u00f5es.<\/p>\n<p>As atividades tur\u00edsticas cresceram 0,4% em setembro, sendo o terceiro resultado positivo consecutivo. Nesses tr\u00eas meses, o segmento acumulou ganho de 3,2% e est\u00e1 0,7% acima do patamar de fevereiro de 2020. Al\u00e9m disso, ficou 6,7% abaixo do ponto mais alto da s\u00e9rie, alcan\u00e7ado em fevereiro de 2014. Apenas cinco dos 12 locais pesquisados acompanharam a alta de 0,4% na atividade tur\u00edstica nacional. Os destaques positivos ficaram com o Rio de Janeiro (2,6%), S\u00e3o Paulo (0,7%), Distrito Federal (3,4%) e Pernambuco (1,6%). J\u00e1 Minas Gerais (-1,5%) e Rio Grande do Sul (-3,2%) foram os principais recuos.<\/p>\n<p>Ap\u00f3s ter recuado 0,5% em agosto, o volume de transporte de passageiros no Brasil cresceu 1,6% em setembro. Com isso, est\u00e1 1,6% acima do n\u00edvel de fevereiro de 2020 (pr\u00e9-pandemia) e 21% abaixo de fevereiro de 2014 (ponto mais alto da s\u00e9rie hist\u00f3rica).<\/p>\n<h2>Unidades da federa\u00e7\u00e3o<\/h2>\n<p>Entre as 27 unidades da federa\u00e7\u00e3o, 19 acompanharam o avan\u00e7o do setor nacional e aumentaram o volume de servi\u00e7os em setembro de 2022, em rela\u00e7\u00e3o a agosto. Os destaques mais relevantes foram no Rio de Janeiro (0,7%), Santa Catarina (2,6%), Rio Grande do Sul (1%) e S\u00e3o Paulo (0,1%). A principal influ\u00eancia negativa foi o Paran\u00e1 com queda de 2,3%, seguido por Pernambuco, com recuo de 1,6% e Minas Gerais, de 0,2%.<\/p>\n<h2>Pesquisa<\/h2>\n<p>Os indicadores produzidos pela PMS, permitem, conforme o IBGE, acompanhar o comportamento conjuntural do setor de servi\u00e7os no pa\u00eds, com an\u00e1lises \u201cda receita bruta de servi\u00e7os nas empresas formalmente constitu\u00eddas, com 20 ou mais pessoas ocupadas, que desempenham como principal atividade um servi\u00e7o n\u00e3o financeiro, exclu\u00eddas as \u00e1reas de sa\u00fade e educa\u00e7\u00e3o\u201d.<\/p>\n<p><span style=\"font-weight: 400;\">Fonte: Ag\u00eancia Brasil <\/span><\/p>\n","protected":false},"excerpt":{"rendered":"<p>O setor de servi\u00e7os cresceu 0,9% em setembro e atingiu o quinto resultado positivo seguido. O ganho acumulado no per\u00edodo ficou em 4,9%, segundo dados da Pesquisa Mensal de Servi\u00e7os (PMS), divulgados hoje (11), pelo Instituto Brasileiro de Geografia e Estat\u00edstica (IBGE). O setor est\u00e1 11,8% acima do n\u00edvel de fevereiro de 2020 (pr\u00e9-pandemia) e [&hellip;]<\/p>\n","protected":false},"author":246,"featured_media":206513,"comment_status":"closed","ping_status":"closed","sticky":false,"template":"","format":"standard","meta":{"footnotes":""},"categories":[436,440,261,439],"tags":[],"class_list":["post-206512","post","type-post","status-publish","format-standard","has-post-thumbnail","hentry","category-destaque-da-semana","category-destaques-do-dia","category-economia","category-ultima-hora"],"_links":{"self":[{"href":"https:\/\/diarioregionaldigital.com.br\/index.php?rest_route=\/wp\/v2\/posts\/206512","targetHints":{"allow":["GET"]}}],"collection":[{"href":"https:\/\/diarioregionaldigital.com.br\/index.php?rest_route=\/wp\/v2\/posts"}],"about":[{"href":"https:\/\/diarioregionaldigital.com.br\/index.php?rest_route=\/wp\/v2\/types\/post"}],"author":[{"embeddable":true,"href":"https:\/\/diarioregionaldigital.com.br\/index.php?rest_route=\/wp\/v2\/users\/246"}],"replies":[{"embeddable":true,"href":"https:\/\/diarioregionaldigital.com.br\/index.php?rest_route=%2Fwp%2Fv2%2Fcomments&post=206512"}],"version-history":[{"count":1,"href":"https:\/\/diarioregionaldigital.com.br\/index.php?rest_route=\/wp\/v2\/posts\/206512\/revisions"}],"predecessor-version":[{"id":206514,"href":"https:\/\/diarioregionaldigital.com.br\/index.php?rest_route=\/wp\/v2\/posts\/206512\/revisions\/206514"}],"wp:featuredmedia":[{"embeddable":true,"href":"https:\/\/diarioregionaldigital.com.br\/index.php?rest_route=\/wp\/v2\/media\/206513"}],"wp:attachment":[{"href":"https:\/\/diarioregionaldigital.com.br\/index.php?rest_route=%2Fwp%2Fv2%2Fmedia&parent=206512"}],"wp:term":[{"taxonomy":"category","embeddable":true,"href":"https:\/\/diarioregionaldigital.com.br\/index.php?rest_route=%2Fwp%2Fv2%2Fcategories&post=206512"},{"taxonomy":"post_tag","embeddable":true,"href":"https:\/\/diarioregionaldigital.com.br\/index.php?rest_route=%2Fwp%2Fv2%2Ftags&post=206512"}],"curies":[{"name":"wp","href":"https:\/\/api.w.org\/{rel}","templated":true}]}}