{"id":206504,"date":"2022-11-11T00:02:33","date_gmt":"2022-11-11T03:02:33","guid":{"rendered":"https:\/\/diarioregionaldigital.com.br\/?p=206504"},"modified":"2022-11-11T00:28:09","modified_gmt":"2022-11-11T03:28:09","slug":"ascomcer-convocacao-11-11-2022","status":"publish","type":"post","link":"https:\/\/diarioregionaldigital.com.br\/?p=206504","title":{"rendered":"Ascomcer &#8211; Convoca\u00e7\u00e3o &#8211; 11\/11\/2022"},"content":{"rendered":"<p style=\"text-align: center;\"><strong>Ascomcer<\/strong><\/p>\n<p style=\"text-align: center;\"><strong>Associa\u00e7\u00e3o Feminina De Preven\u00e7\u00e3o E Combate Ao C\u00e2ncer De Juiz De Fora<\/strong><\/p>\n<p style=\"text-align: center;\"><strong>Edital De Convoca\u00e7\u00e3o<\/strong><\/p>\n<p style=\"text-align: center;\"><strong>Assembleia Geral Extraordin\u00e1ria<\/strong><\/p>\n<p>O Conselho Deliberativo Da \u00a0Ascomcer No Uso De Suas Atribui\u00e7\u00f5es E De Conformidade Com A Letra \u201cA\u201d Do Art. 17 Do Estatuto, Convoca Os Senhores Associados Fundadores E Efetivos Para A Assembleia Geral Extraordin\u00e1ria A Ser Realizada No Dia 17 De Novembro De 2022, Em Modalidade H\u00edbrida, Podendo Os Associados Aptos Participar Na Forma Do Estatuto O Faz\u00ea-Lo Por Meio Da Plataforma Google Meet Pelo Link\u00a0<a href=\"https:\/\/meet.google.com\/nwf-bwia-izg\">Https:\/\/Meet.Google.Com\/Nwf-Bwia-Izg<\/a>\u00a0Ou Presencialmente No Audit\u00f3rio Do Hospital Maria Jos\u00e9 Ba\u00eata Reis, Na Av. Presidente Itamar Franco, 3500, Bairro Cascatinha, Nesta Cidade De Juiz De Fora\/Mg.<\/p>\n<p>Em 1\u00aa Convoca\u00e7\u00e3o \u00c0s 13:00 Horas Com A Presen\u00e7a Da Metade Mais Um Dos Associados Em Pleno Gozo De Seus Direitos, Em 2\u00aa Convoca\u00e7\u00e3o \u00c0s 13:30 Horas Com 1\/3 Dos Associados E Em 3\u00aa E \u00daltima Convoca\u00e7\u00e3o \u00c0s 14:00 Horas, Com Qualquer N\u00famero De Associados.<\/p>\n<p><strong>Assunto:<\/strong><\/p>\n<p>Altera\u00e7\u00e3o Do Estatuto Social Da Ascomcer<\/p>\n<p>Juiz De Fora-MG, 10 De Novembro De 2022<\/p>\n<p>Jorge Moreira De Freitas<\/p>\n<p>Presidente Do Conselho Deliberativo Da Ascomcer<\/p>\n","protected":false},"excerpt":{"rendered":"<p>Ascomcer Associa\u00e7\u00e3o Feminina De Preven\u00e7\u00e3o E Combate Ao C\u00e2ncer De Juiz De Fora Edital De Convoca\u00e7\u00e3o Assembleia Geral Extraordin\u00e1ria O Conselho Deliberativo Da \u00a0Ascomcer No Uso De Suas Atribui\u00e7\u00f5es E De Conformidade Com A Letra \u201cA\u201d Do Art. 17 Do Estatuto, Convoca Os Senhores Associados Fundadores E Efetivos Para A Assembleia Geral Extraordin\u00e1ria A Ser [&hellip;]<\/p>\n","protected":false},"author":96,"featured_media":0,"comment_status":"closed","ping_status":"closed","sticky":false,"template":"","format":"standard","meta":{"footnotes":""},"categories":[307],"tags":[],"class_list":["post-206504","post","type-post","status-publish","format-standard","hentry","category-editais"],"_links":{"self":[{"href":"https:\/\/diarioregionaldigital.com.br\/index.php?rest_route=\/wp\/v2\/posts\/206504","targetHints":{"allow":["GET"]}}],"collection":[{"href":"https:\/\/diarioregionaldigital.com.br\/index.php?rest_route=\/wp\/v2\/posts"}],"about":[{"href":"https:\/\/diarioregionaldigital.com.br\/index.php?rest_route=\/wp\/v2\/types\/post"}],"author":[{"embeddable":true,"href":"https:\/\/diarioregionaldigital.com.br\/index.php?rest_route=\/wp\/v2\/users\/96"}],"replies":[{"embeddable":true,"href":"https:\/\/diarioregionaldigital.com.br\/index.php?rest_route=%2Fwp%2Fv2%2Fcomments&post=206504"}],"version-history":[{"count":1,"href":"https:\/\/diarioregionaldigital.com.br\/index.php?rest_route=\/wp\/v2\/posts\/206504\/revisions"}],"predecessor-version":[{"id":206505,"href":"https:\/\/diarioregionaldigital.com.br\/index.php?rest_route=\/wp\/v2\/posts\/206504\/revisions\/206505"}],"wp:attachment":[{"href":"https:\/\/diarioregionaldigital.com.br\/index.php?rest_route=%2Fwp%2Fv2%2Fmedia&parent=206504"}],"wp:term":[{"taxonomy":"category","embeddable":true,"href":"https:\/\/diarioregionaldigital.com.br\/index.php?rest_route=%2Fwp%2Fv2%2Fcategories&post=206504"},{"taxonomy":"post_tag","embeddable":true,"href":"https:\/\/diarioregionaldigital.com.br\/index.php?rest_route=%2Fwp%2Fv2%2Ftags&post=206504"}],"curies":[{"name":"wp","href":"https:\/\/api.w.org\/{rel}","templated":true}]}}