{"id":206501,"date":"2022-11-10T19:56:13","date_gmt":"2022-11-10T22:56:13","guid":{"rendered":"https:\/\/diarioregionaldigital.com.br\/?p=206501"},"modified":"2022-11-10T19:56:13","modified_gmt":"2022-11-10T22:56:13","slug":"pjf-segue-com-os-trabalhos-de-limpeza-e-poda-de-grama-nos-canteiros-centrais-da-cidade","status":"publish","type":"post","link":"https:\/\/diarioregionaldigital.com.br\/?p=206501","title":{"rendered":"PJF segue com os trabalhos de limpeza e poda de grama nos canteiros centrais da cidade"},"content":{"rendered":"<p>Segundo informa\u00e7\u00f5es do site da Prefeitura de Juiz de Fora (PJF), manter a cidade limpa e bem cuidada \u00e9 um dos grandes objetivos do Programa Boniteza. Nesta quinta-feira, 10, a Prefeitura de Juiz de Fora (PJF) deu sequ\u00eancia aos trabalhos de limpeza e poda de grama dos canteiros e rotat\u00f3rias de algumas das principais vias do munic\u00edpio.<\/p>\n<p>Na zona norte, equipes da Empresa Municipal de Pavimenta\u00e7\u00e3o e Urbanidades (Empav) atuaram ao longo da avenida Juscelino Kubitschek, seguindo no sentido Centro\/bairro, trecho que tamb\u00e9m foi atendido por trabalhadores do<a href=\"https:\/\/www.pjf.mg.gov.br\/noticias\/view.php?modo=link2&amp;idnoticia2=77633\">\u00a0<strong>Departamento Municipal de Limpeza Urbana (Demlurb)<\/strong><\/a>\u00a0com a capina das guias e dos meios-fios.<\/p>\n<p>Outro importante ponto que tamb\u00e9m recebeu aten\u00e7\u00e3o do Programa Boniteza foi a Avenida Deusdedith Salgado, entre os bairros Salvaterra e Cascatinha, pr\u00f3ximo ao Parque da Lajinha. No bairro Bandeirantes, trabalhadores da Empav estiveram nos canteiros centrais da Rua Ant\u00f4nio Trist\u00e3o.<\/p>\n<p>Os trabalhos da Empav seguem em andamento em diversos pontos da cidade e a programa\u00e7\u00e3o completa pode ser conferida na p\u00e1gina do\u00a0<a href=\"https:\/\/www.pjf.mg.gov.br\/gabinetecomunitario\/\"><strong>Gabinete de A\u00e7\u00e3o e Di\u00e1logo Comunit\u00e1rio<\/strong><\/a>.<\/p>\n","protected":false},"excerpt":{"rendered":"<p>Segundo informa\u00e7\u00f5es do site da Prefeitura de Juiz de Fora (PJF), manter a cidade limpa e bem cuidada \u00e9 um dos grandes objetivos do Programa Boniteza. Nesta quinta-feira, 10, a Prefeitura de Juiz de Fora (PJF) deu sequ\u00eancia aos trabalhos de limpeza e poda de grama dos canteiros e rotat\u00f3rias de algumas das principais vias [&hellip;]<\/p>\n","protected":false},"author":246,"featured_media":206502,"comment_status":"closed","ping_status":"closed","sticky":false,"template":"","format":"standard","meta":{"footnotes":""},"categories":[253,436,439],"tags":[],"class_list":["post-206501","post","type-post","status-publish","format-standard","has-post-thumbnail","hentry","category-cidade","category-destaque-da-semana","category-ultima-hora"],"_links":{"self":[{"href":"https:\/\/diarioregionaldigital.com.br\/index.php?rest_route=\/wp\/v2\/posts\/206501","targetHints":{"allow":["GET"]}}],"collection":[{"href":"https:\/\/diarioregionaldigital.com.br\/index.php?rest_route=\/wp\/v2\/posts"}],"about":[{"href":"https:\/\/diarioregionaldigital.com.br\/index.php?rest_route=\/wp\/v2\/types\/post"}],"author":[{"embeddable":true,"href":"https:\/\/diarioregionaldigital.com.br\/index.php?rest_route=\/wp\/v2\/users\/246"}],"replies":[{"embeddable":true,"href":"https:\/\/diarioregionaldigital.com.br\/index.php?rest_route=%2Fwp%2Fv2%2Fcomments&post=206501"}],"version-history":[{"count":1,"href":"https:\/\/diarioregionaldigital.com.br\/index.php?rest_route=\/wp\/v2\/posts\/206501\/revisions"}],"predecessor-version":[{"id":206503,"href":"https:\/\/diarioregionaldigital.com.br\/index.php?rest_route=\/wp\/v2\/posts\/206501\/revisions\/206503"}],"wp:featuredmedia":[{"embeddable":true,"href":"https:\/\/diarioregionaldigital.com.br\/index.php?rest_route=\/wp\/v2\/media\/206502"}],"wp:attachment":[{"href":"https:\/\/diarioregionaldigital.com.br\/index.php?rest_route=%2Fwp%2Fv2%2Fmedia&parent=206501"}],"wp:term":[{"taxonomy":"category","embeddable":true,"href":"https:\/\/diarioregionaldigital.com.br\/index.php?rest_route=%2Fwp%2Fv2%2Fcategories&post=206501"},{"taxonomy":"post_tag","embeddable":true,"href":"https:\/\/diarioregionaldigital.com.br\/index.php?rest_route=%2Fwp%2Fv2%2Ftags&post=206501"}],"curies":[{"name":"wp","href":"https:\/\/api.w.org\/{rel}","templated":true}]}}