{"id":206498,"date":"2022-11-10T19:43:28","date_gmt":"2022-11-10T22:43:28","guid":{"rendered":"https:\/\/diarioregionaldigital.com.br\/?p=206498"},"modified":"2022-11-10T19:43:28","modified_gmt":"2022-11-10T22:43:28","slug":"avenida-presidente-costa-e-silva-tera-interdicao-para-obra-de-finalizacao-da-rede-pluvial","status":"publish","type":"post","link":"https:\/\/diarioregionaldigital.com.br\/?p=206498","title":{"rendered":"Avenida Presidente Costa e Silva ter\u00e1 interdi\u00e7\u00e3o para obra de finaliza\u00e7\u00e3o da rede pluvial"},"content":{"rendered":"<p>Segundo informa\u00e7\u00f5es do site da Prefeitura de Juiz de Fora (PJF), para a execu\u00e7\u00e3o de servi\u00e7os da Secretaria de Obras (SO), a Avenida Presidente Costa e Silva, no trecho pr\u00f3ximo \u00e0 Rua Francisco Faeyer Sobrinho, ser\u00e1 totalmente interditada no sentido Bairro\/Centro, no hor\u00e1rio entre 7h e 17h, na pr\u00f3xima ter\u00e7a, 15.<\/p>\n<div id=\"box_texto_noticia\">\n<p>Ser\u00e1 realizada uma obra de finaliza\u00e7\u00e3o da rede pluvial, e o sentido Santos Dumont \/ UFJF ficar\u00e1 impedido. Devido \u00e0 interven\u00e7\u00e3o, tr\u00eas linhas de \u00f4nibus do transporte coletivo urbano passam por altera\u00e7\u00e3o no itiner\u00e1rio.<\/p>\n<p><strong>Confira o desvio de cada linha:<\/strong><\/p>\n<p>Linha 531- Nova Calif\u00f3rnia:<\/p>\n<p>&#8211; Sentido Bairro \/ Centro: &#8230;Rua Prof. Vilas Bou\u00e7ada, Rua Dr. Ferdinando Cyrne,<\/p>\n<p>Av. Pres. Costa e Silva, Rua sem denomina\u00e7\u00e3o, Rua \u00c1lvaro Jos\u00e9 Rodrigues, Rua<\/p>\n<p>Jos\u00e9 Vict\u00f3rio Castegliani, Rua Oct\u00e1vio Malvaccini, BR 440, Rua Roberto Steigert,<\/p>\n<p>Av. Pres. Costa e Silva&#8230;<\/p>\n<p>&#8211; Sentido Centro \/ Bairro: Sem altera\u00e7\u00e3o.<\/p>\n<p>Linha 534 e 539 &#8211; Santos Dumont:<\/p>\n<p>&#8211; Sentido Bairro \/ Centro: &#8230; Rua \u00c1lvaro Jos\u00e9 Rodrigues, Av. Pres. Costa e Silva,<\/p>\n<p>Rua sem denomina\u00e7\u00e3o, Rua \u00c1lvaro Jos\u00e9 Rodrigues, Rua Jos\u00e9 Vict\u00f3rio Castegliani,<\/p>\n<p>Rua Oct\u00e1vio Malvaccini, BR 440, Rua Roberto Steigert, Av. Pres. Costa e Silva&#8230;<\/p>\n<p>&#8211; Sentido Centro \/ Bairro: Sem altera\u00e7\u00e3o.<\/p>\n<\/div>\n<p>&nbsp;<\/p>\n<div id=\"box_compartilhar\" align=\"right\"><\/div>\n","protected":false},"excerpt":{"rendered":"<p>Segundo informa\u00e7\u00f5es do site da Prefeitura de Juiz de Fora (PJF), para a execu\u00e7\u00e3o de servi\u00e7os da Secretaria de Obras (SO), a Avenida Presidente Costa e Silva, no trecho pr\u00f3ximo \u00e0 Rua Francisco Faeyer Sobrinho, ser\u00e1 totalmente interditada no sentido Bairro\/Centro, no hor\u00e1rio entre 7h e 17h, na pr\u00f3xima ter\u00e7a, 15. Ser\u00e1 realizada uma obra [&hellip;]<\/p>\n","protected":false},"author":246,"featured_media":206499,"comment_status":"closed","ping_status":"closed","sticky":false,"template":"","format":"standard","meta":{"footnotes":""},"categories":[253,436,439],"tags":[],"class_list":["post-206498","post","type-post","status-publish","format-standard","has-post-thumbnail","hentry","category-cidade","category-destaque-da-semana","category-ultima-hora"],"_links":{"self":[{"href":"https:\/\/diarioregionaldigital.com.br\/index.php?rest_route=\/wp\/v2\/posts\/206498","targetHints":{"allow":["GET"]}}],"collection":[{"href":"https:\/\/diarioregionaldigital.com.br\/index.php?rest_route=\/wp\/v2\/posts"}],"about":[{"href":"https:\/\/diarioregionaldigital.com.br\/index.php?rest_route=\/wp\/v2\/types\/post"}],"author":[{"embeddable":true,"href":"https:\/\/diarioregionaldigital.com.br\/index.php?rest_route=\/wp\/v2\/users\/246"}],"replies":[{"embeddable":true,"href":"https:\/\/diarioregionaldigital.com.br\/index.php?rest_route=%2Fwp%2Fv2%2Fcomments&post=206498"}],"version-history":[{"count":1,"href":"https:\/\/diarioregionaldigital.com.br\/index.php?rest_route=\/wp\/v2\/posts\/206498\/revisions"}],"predecessor-version":[{"id":206500,"href":"https:\/\/diarioregionaldigital.com.br\/index.php?rest_route=\/wp\/v2\/posts\/206498\/revisions\/206500"}],"wp:featuredmedia":[{"embeddable":true,"href":"https:\/\/diarioregionaldigital.com.br\/index.php?rest_route=\/wp\/v2\/media\/206499"}],"wp:attachment":[{"href":"https:\/\/diarioregionaldigital.com.br\/index.php?rest_route=%2Fwp%2Fv2%2Fmedia&parent=206498"}],"wp:term":[{"taxonomy":"category","embeddable":true,"href":"https:\/\/diarioregionaldigital.com.br\/index.php?rest_route=%2Fwp%2Fv2%2Fcategories&post=206498"},{"taxonomy":"post_tag","embeddable":true,"href":"https:\/\/diarioregionaldigital.com.br\/index.php?rest_route=%2Fwp%2Fv2%2Ftags&post=206498"}],"curies":[{"name":"wp","href":"https:\/\/api.w.org\/{rel}","templated":true}]}}