{"id":206495,"date":"2022-11-10T19:41:11","date_gmt":"2022-11-10T22:41:11","guid":{"rendered":"https:\/\/diarioregionaldigital.com.br\/?p=206495"},"modified":"2022-11-10T19:41:11","modified_gmt":"2022-11-10T22:41:11","slug":"visitas-guiadas-do-parque-municipal-recebem-mais-de-10-mil-pessoas-em-7-meses","status":"publish","type":"post","link":"https:\/\/diarioregionaldigital.com.br\/?p=206495","title":{"rendered":"Visitas Guiadas do Parque Municipal recebem mais de 10 mil pessoas em 7 meses"},"content":{"rendered":"<p>Segundo informa\u00e7\u00f5es do site da Prefeitura de Juiz de Fora (PJF), o\u00a0projeto de Visita Guiada do Parque Municipal foi instaurado em maio deste ano e, desde ent\u00e3o, tem sido um dos principais destaques do local, levando aos visitantes conhecimento e descobrimento de novos lugares dentro do ambiente urbano. No \u00faltimo m\u00eas, o Parque atingiu a marca de mais de cem mil visitantes e, nesta semana, de dez mil pessoas que j\u00e1 participaram das visitas guiadas.<\/p>\n<p>Durante os sete meses de projeto, o Parque realizou 94 visitas espont\u00e2neas, com p\u00fablico geral, aos finais de semana e feriados. J\u00e1 os grupos agendados, com institui\u00e7\u00f5es e escolas, foram 143, incluindo escolas de outros munic\u00edpios da regi\u00e3o e at\u00e9 mesmo de outro estado. Com grupos escolares, a Visita Guiada tem sido utilizada como um estudo extraclasse, j\u00e1 que \u00e9 desenvolvido um trabalho complementar do que \u00e9 estudado na sala de aula, por alunos e professores, como destaca a professora Carmen L\u00facia Do Vale, do Col\u00e9gio Equipe de Muria\u00e9. \u201cEu estava procurando um lugar que a gente pudesse trabalhar aquilo que foi visto em sala de aula, que \u00e9 a fauna e a flora, e encontrei o Parque Municipal de Juiz de Fora. O local \u00e9 maravilhoso, as crian\u00e7as gostaram e tiveram muito aprendizado\u201d.<\/p>\n<p>O secret\u00e1rio de Turismo e membro do comit\u00ea gestor do Parque Municipal, Marcelo do Carmo, ressaltou a importante marca e o trabalho desenvolvido pelos turism\u00f3logos do local. \u201cEste n\u00famero de dez mil pessoas das visitas guiadas \u00e9 bastante representativo e comprova a import\u00e2ncia do Parque Municipal, funcionando tamb\u00e9m como potencial tur\u00edstico. As visitas guiadas, conduzidas por turism\u00f3logos, representam para o governo atual da prefeita Margarida Salom\u00e3o o compromisso em promover esporte, lazer, cultura e turismo de qualidade para visitantes e para a popula\u00e7\u00e3o local\u201d.<\/p>\n<p>As visitas t\u00eam como objetivo atingir diferentes faixas et\u00e1rias da popula\u00e7\u00e3o para desenvolver e despertar as necessidades de preserva\u00e7\u00e3o do Meio Ambiente, por meio da Educa\u00e7\u00e3o Ambiental, e tamb\u00e9m atividades l\u00fadicas e interpretativas no Parque Municipal, como destaca Roberto Lacordia, coordenador geral do Parque Municipal. \u201cO projeto de Visitas Guiadas oportuniza o acesso do cidad\u00e3o \u00e0 hist\u00f3ria e caracter\u00edsticas ambientais do Parque Municipal e sua import\u00e2ncia em um contexto urbano. \u00c9 um instrumento de educa\u00e7\u00e3o que explora temas como o patrim\u00f4nio, fauna e flora, bem como a necessidade de sua conserva\u00e7\u00e3o.<\/p>\n<p>Lacordia ainda real\u00e7a o espa\u00e7o como acess\u00edvel para a popula\u00e7\u00e3o, um local que oferece \u00e0 cidade lazer, divers\u00e3o, esporte, turismo e conex\u00e3o com a natureza, tudo de forma gratuita, \u201cO Parque Municipal oferece tamb\u00e9m, de forma democr\u00e1tica e gratuita, o acesso a momentos de lazer, conviv\u00eancia e intera\u00e7\u00e3o social\u201d.<\/p>\n<p>Para o coordenador de Turismo do Parque Municipal, In\u00e1cio Botto, o projeto de Visitas Guiadas cumpre um papel fundamental, trazendo principalmente um espa\u00e7o de di\u00e1logo com a popula\u00e7\u00e3o, sobre assuntos relacionados \u00e0 hist\u00f3ria e natureza. \u201cO projeto surgiu com o objetivo de apresentar o Parque Municipal, a fauna, a flora e os espa\u00e7os para os visitantes. Com uma abordagem acess\u00edvel, os profissionais de turismo despertam, por meio da ludicidade, as necessidades de conserva\u00e7\u00e3o do meio ambiente, criando um espa\u00e7o de di\u00e1logo, sa\u00fade, conex\u00e3o com a natureza, bem-estar e conv\u00edvio entre os participantes\u201d<\/p>\n<p>As Visitas Guiadas s\u00e3o divididas em diferentes roteiros, para que cada grupo escolha qual o melhor para sua visita: \u201cCaminhos da Mata\u201d, com passeio pela Trilha do Parque, na \u00e1rea do estacionamento; \u201cCaminhos do Parque\u201d, onde o interior do Parque \u00e9 explorado; e \u201cCaminhos do Bosque\u201d, em que os visitantes t\u00eam a experi\u00eancia de conhecer um lugar cercado por Mata Atl\u00e2ntica, rica de fauna e flora.<\/p>\n<p>O atendimento \u00e0s institui\u00e7\u00f5es acontece de ter\u00e7a a sexta, em quatro hor\u00e1rios: 8h e 9h, no per\u00edodo da manh\u00e3, e, no per\u00edodo da tarde, \u00e0s 13h e 14h. Para agendar a Visita Guiada \u00e9 necess\u00e1rio ligar para o telefone (32) 3241-6532 ou entrar em contato pelo e-mail parquemunicipaljf@gmail.com.<\/p>\n<p>O Parque Municipal est\u00e1 localizado na Rua do Contorno 8, no bairro Nova Calif\u00f3rnia, e funciona das 8h \u00e0s 17h, permitindo a entrada de visitantes at\u00e9 \u00e0s 16h. Para quem precisa do transporte p\u00fablico, as linhas que atendem o Parque s\u00e3o 520 (Aeroporto), 531 (Nova Calif\u00f3rnia) e 537 (Jardim da Serra), todos descritos no letreiro com \u201cVia Parque Municipal\u201d.<\/p>\n<p>&nbsp;<\/p>\n<p><strong>Outras Informa\u00e7\u00f5es:<\/strong><\/p>\n<p>(32) 3241-6532<\/p>\n<p>Instagram: @parquemunicipaljf<\/p>\n<p>&nbsp;<\/p>\n<p>&nbsp;<\/p>\n","protected":false},"excerpt":{"rendered":"<p>Segundo informa\u00e7\u00f5es do site da Prefeitura de Juiz de Fora (PJF), o\u00a0projeto de Visita Guiada do Parque Municipal foi instaurado em maio deste ano e, desde ent\u00e3o, tem sido um dos principais destaques do local, levando aos visitantes conhecimento e descobrimento de novos lugares dentro do ambiente urbano. No \u00faltimo m\u00eas, o Parque atingiu a [&hellip;]<\/p>\n","protected":false},"author":246,"featured_media":206496,"comment_status":"closed","ping_status":"closed","sticky":false,"template":"","format":"standard","meta":{"footnotes":""},"categories":[253,436,439],"tags":[],"class_list":["post-206495","post","type-post","status-publish","format-standard","has-post-thumbnail","hentry","category-cidade","category-destaque-da-semana","category-ultima-hora"],"_links":{"self":[{"href":"https:\/\/diarioregionaldigital.com.br\/index.php?rest_route=\/wp\/v2\/posts\/206495","targetHints":{"allow":["GET"]}}],"collection":[{"href":"https:\/\/diarioregionaldigital.com.br\/index.php?rest_route=\/wp\/v2\/posts"}],"about":[{"href":"https:\/\/diarioregionaldigital.com.br\/index.php?rest_route=\/wp\/v2\/types\/post"}],"author":[{"embeddable":true,"href":"https:\/\/diarioregionaldigital.com.br\/index.php?rest_route=\/wp\/v2\/users\/246"}],"replies":[{"embeddable":true,"href":"https:\/\/diarioregionaldigital.com.br\/index.php?rest_route=%2Fwp%2Fv2%2Fcomments&post=206495"}],"version-history":[{"count":1,"href":"https:\/\/diarioregionaldigital.com.br\/index.php?rest_route=\/wp\/v2\/posts\/206495\/revisions"}],"predecessor-version":[{"id":206497,"href":"https:\/\/diarioregionaldigital.com.br\/index.php?rest_route=\/wp\/v2\/posts\/206495\/revisions\/206497"}],"wp:featuredmedia":[{"embeddable":true,"href":"https:\/\/diarioregionaldigital.com.br\/index.php?rest_route=\/wp\/v2\/media\/206496"}],"wp:attachment":[{"href":"https:\/\/diarioregionaldigital.com.br\/index.php?rest_route=%2Fwp%2Fv2%2Fmedia&parent=206495"}],"wp:term":[{"taxonomy":"category","embeddable":true,"href":"https:\/\/diarioregionaldigital.com.br\/index.php?rest_route=%2Fwp%2Fv2%2Fcategories&post=206495"},{"taxonomy":"post_tag","embeddable":true,"href":"https:\/\/diarioregionaldigital.com.br\/index.php?rest_route=%2Fwp%2Fv2%2Ftags&post=206495"}],"curies":[{"name":"wp","href":"https:\/\/api.w.org\/{rel}","templated":true}]}}