{"id":206492,"date":"2022-11-10T19:39:20","date_gmt":"2022-11-10T22:39:20","guid":{"rendered":"https:\/\/diarioregionaldigital.com.br\/?p=206492"},"modified":"2022-11-10T19:39:20","modified_gmt":"2022-11-10T22:39:20","slug":"prefeitura-celebra-proclamacao-da-republica-com-roteiros-turisticos-no-centro-historico","status":"publish","type":"post","link":"https:\/\/diarioregionaldigital.com.br\/?p=206492","title":{"rendered":"Prefeitura celebra Proclama\u00e7\u00e3o da Rep\u00fablica com roteiros tur\u00edsticos no Centro hist\u00f3rico"},"content":{"rendered":"<p>Segundo informa\u00e7\u00f5es do site da Prefeitura de Juiz de Fora (PJF),\u00a0 a PJF preparou uma programa\u00e7\u00e3o especial em comemora\u00e7\u00e3o \u00e0 semana da Proclama\u00e7\u00e3o da Rep\u00fablica, celebrada no dia 15 de novembro. Turistas e moradores de Juiz de Fora ter\u00e3o a oportunidade de conhecer a cidade em visitas guiadas a p\u00e9 por pontos hist\u00f3ricos e tur\u00edsticos relacionados \u00e0 hist\u00f3ria do per\u00edodo Republicano no Brasil. Os passeios s\u00e3o gratuitos e v\u00e3o acontecer na pr\u00f3xima quarta e quinta-feira, dias 16 e 17 de novembro.<\/p>\n<p>A a\u00e7\u00e3o, intitulada &#8220;Caminhando pela Hist\u00f3ria\u201d, \u00e9 organizada pela Secretaria de Turismo (Setur).\u00a0Os passeios ser\u00e3o limitados a 20 pessoas por vez, com o p\u00fablico podendo participar de duas ou mais visitas, desde que haja disponibilidade. As atividades ser\u00e3o acompanhadas por um guia de turismo, turism\u00f3logos e estagi\u00e1rios da Setur. Os roteiros diversificados incluem visitas internas \u00e0 C\u00e2mara Municipal, o Memorial da Rep\u00fablica Presidente Itamar Franco, Museu do Cr\u00e9dito Real, Museu Ferrovi\u00e1rio e Museu Mariano Proc\u00f3pio.\u00a0As inscri\u00e7\u00f5es ser\u00e3o realizadas\u00a0por meio de um\u00a0<a href=\"https:\/\/docs.google.com\/forms\/d\/e\/1FAIpQLSdZ6BDlQ_ai7SEW1JbGayDTN0NeJxUL67b4B14J8HM-nfDcAA\/viewform?usp=sf_link\"><strong>formul\u00e1rio eletr\u00f4nico<\/strong><\/a>.<\/p>\n<p>No primeiro dia, a a\u00e7\u00e3o come\u00e7ar\u00e1 \u00e0s 8h30, no Espa\u00e7o Cidade, quando ser\u00e3o entregues os certificados dos participantes do &#8220;CapacitaTur&#8221;, cursos gratuitos de capacita\u00e7\u00e3o em Turismo e Gastronomia que foram realizados em julho, em uma parceria Senac. Em seguida, haver\u00e1 apresenta\u00e7\u00e3o do aplicativo \u201cJF Patrim\u00f4nio \u2013 Guia do Patrim\u00f4nio Cultural&#8221;, que vai auxiliar o percurso da caminhada, oferecendo informa\u00e7\u00f5es complementares.<\/p>\n<p>O aplicativo foi elaborado pelo designer M\u00e1rcio Henrique de Oliveira e re\u00fane informa\u00e7\u00f5es de 250\u00a0bens culturais de Juiz de Fora, com imagens atualizadas, rota de deslocamento,\u00a0decreto de tombamento dos bens materiais e registros dos bens imateriais.\u00a0O conte\u00fado, dispon\u00edvel de forma gratuita, est\u00e1 dividido em\u00a0quatro eixos: \u201cPatrim\u00f4nio de Todos\u201d, que \u00e9 a apresenta\u00e7\u00e3o do produto, \u201cPatrim\u00f4nio Material\u201d, \u201cPatrim\u00f4nio Imaterial\u201d e \u201cN\u00facleos Hist\u00f3ricos\u201d.\u00a0A plataforma digital\u00a0foi financiada pelo Programa Cultural Murilo Mendes,\u00a0mantido pela Prefeitura de Juiz de Fora e gerido pela Funda\u00e7\u00e3o Cultural Alfredo Ferreira Lage (Funalfa).<\/p>\n<p><strong>Confira a programa\u00e7\u00e3o completa da caminhada:<\/strong><br \/>\n<strong>16\/11 &#8211; Quarta-Feira<\/strong><br \/>\n<strong>Manh\u00e3<\/strong><\/p>\n<p><strong>9h<\/strong>\u00a0&#8211; Apresenta\u00e7\u00e3o do aplicativo \u201cJF Patrim\u00f4nio \u2013 guia do patrim\u00f4nio cultural&#8221;, em seguida in\u00edcio da caminhada no Pa\u00e7o Municipal.<\/p>\n<p><strong>9h30min<\/strong>\u00a0&#8211; C\u00e2mara Municipal<\/p>\n<p><strong>10h30min<\/strong>\u00a0&#8211; Memorial da Rep\u00fablica Presidente Itamar Franco<\/p>\n<p><strong>Tarde<\/strong><\/p>\n<p><strong>14h<\/strong>\u00a0&#8211; In\u00edcio da caminhada no Museu do Cr\u00e9dito Real<\/p>\n<p><strong>15h30min\u00a0<\/strong>&#8211; Museu Ferrovi\u00e1rio<\/p>\n<p><strong>17\/11 &#8211; Quinta-Feira\u00a0<\/strong><br \/>\n<strong>9h<\/strong>\u00a0&#8211; In\u00edcio da caminhada no Museu Mariano Proc\u00f3pio<\/p>\n","protected":false},"excerpt":{"rendered":"<p>Segundo informa\u00e7\u00f5es do site da Prefeitura de Juiz de Fora (PJF),\u00a0 a PJF preparou uma programa\u00e7\u00e3o especial em comemora\u00e7\u00e3o \u00e0 semana da Proclama\u00e7\u00e3o da Rep\u00fablica, celebrada no dia 15 de novembro. Turistas e moradores de Juiz de Fora ter\u00e3o a oportunidade de conhecer a cidade em visitas guiadas a p\u00e9 por pontos hist\u00f3ricos e tur\u00edsticos [&hellip;]<\/p>\n","protected":false},"author":246,"featured_media":206493,"comment_status":"closed","ping_status":"closed","sticky":false,"template":"","format":"standard","meta":{"footnotes":""},"categories":[253,436,440,439],"tags":[],"class_list":["post-206492","post","type-post","status-publish","format-standard","has-post-thumbnail","hentry","category-cidade","category-destaque-da-semana","category-destaques-do-dia","category-ultima-hora"],"_links":{"self":[{"href":"https:\/\/diarioregionaldigital.com.br\/index.php?rest_route=\/wp\/v2\/posts\/206492","targetHints":{"allow":["GET"]}}],"collection":[{"href":"https:\/\/diarioregionaldigital.com.br\/index.php?rest_route=\/wp\/v2\/posts"}],"about":[{"href":"https:\/\/diarioregionaldigital.com.br\/index.php?rest_route=\/wp\/v2\/types\/post"}],"author":[{"embeddable":true,"href":"https:\/\/diarioregionaldigital.com.br\/index.php?rest_route=\/wp\/v2\/users\/246"}],"replies":[{"embeddable":true,"href":"https:\/\/diarioregionaldigital.com.br\/index.php?rest_route=%2Fwp%2Fv2%2Fcomments&post=206492"}],"version-history":[{"count":1,"href":"https:\/\/diarioregionaldigital.com.br\/index.php?rest_route=\/wp\/v2\/posts\/206492\/revisions"}],"predecessor-version":[{"id":206494,"href":"https:\/\/diarioregionaldigital.com.br\/index.php?rest_route=\/wp\/v2\/posts\/206492\/revisions\/206494"}],"wp:featuredmedia":[{"embeddable":true,"href":"https:\/\/diarioregionaldigital.com.br\/index.php?rest_route=\/wp\/v2\/media\/206493"}],"wp:attachment":[{"href":"https:\/\/diarioregionaldigital.com.br\/index.php?rest_route=%2Fwp%2Fv2%2Fmedia&parent=206492"}],"wp:term":[{"taxonomy":"category","embeddable":true,"href":"https:\/\/diarioregionaldigital.com.br\/index.php?rest_route=%2Fwp%2Fv2%2Fcategories&post=206492"},{"taxonomy":"post_tag","embeddable":true,"href":"https:\/\/diarioregionaldigital.com.br\/index.php?rest_route=%2Fwp%2Fv2%2Ftags&post=206492"}],"curies":[{"name":"wp","href":"https:\/\/api.w.org\/{rel}","templated":true}]}}