{"id":206486,"date":"2022-11-10T19:31:04","date_gmt":"2022-11-10T22:31:04","guid":{"rendered":"https:\/\/diarioregionaldigital.com.br\/?p=206486"},"modified":"2022-11-10T19:31:04","modified_gmt":"2022-11-10T22:31:04","slug":"pele-diz-que-confia-em-vitoria-do-brasil-na-copa-do-catar","status":"publish","type":"post","link":"https:\/\/diarioregionaldigital.com.br\/?p=206486","title":{"rendered":"Pel\u00e9 diz que confia em vit\u00f3ria do Brasil na Copa do Catar"},"content":{"rendered":"<p>Quando faltam apenas 10 dias para o in\u00edcio da Copa do Mundo, Pel\u00e9 afirmou que confia demais na conquista do t\u00edtulo mundial pelo Brasil. O Rei do Futebol, que completou 82 anos no final de outubro, usou seus perfis nas redes sociais para expressar, nesta quinta-feira (10), a esperan\u00e7a de que a equipe de Tite saia vitoriosa no Catar.<img decoding=\"async\" src=\"https:\/\/agenciabrasil.ebc.com.br\/ebc.png?id=1493259&amp;o=node\" \/><img decoding=\"async\" src=\"https:\/\/agenciabrasil.ebc.com.br\/ebc.gif?id=1493259&amp;o=node\" \/><\/p>\n<p>\u201cS\u00e3o apenas mais dez dias at\u00e9 a Copa do Mundo e eu mal posso esperar para ver nossa sele\u00e7\u00e3o entrar em campo. Podem at\u00e9 achar que estou confiante demais, mas sinto que veremos o Brasil vitorioso novamente\u201d, afirmou Edson Arantes do Nascimento.<\/p>\n<p>Nas postagens, Pel\u00e9 tamb\u00e9m recordou que fez parte da equipe que conquistou a primeira Copa para o Brasil, em 1958 na Su\u00e9cia (o Rei do Futebol tamb\u00e9m fez parte das vitoriosas campanhas de 1962 e 1970): \u201cNa \u00faltima vez que eu usei a camisa da sele\u00e7\u00e3o brasileira n\u00f3s inauguramos as tr\u00eas estrelas sobre o escudo, agora j\u00e1 temos cinco. Mal posso esperar para ver essa camisa com seis estrelas\u201d.<\/p>\n<p>O Mundial do Catar ser\u00e1 iniciado no dia 20 de novembro, com a partida entre os donos da casa e o Equador. A sele\u00e7\u00e3o brasileira estreia no dia 24 de novembro, a partir das 16h (hor\u00e1rio de Bras\u00edlia), em jogo contra a S\u00e9rvia pelo Grupo G da competi\u00e7\u00e3o.<\/p>\n<p><span style=\"font-weight: 400;\">Fonte: Ag\u00eancia Brasil <\/span><\/p>\n","protected":false},"excerpt":{"rendered":"<p>Quando faltam apenas 10 dias para o in\u00edcio da Copa do Mundo, Pel\u00e9 afirmou que confia demais na conquista do t\u00edtulo mundial pelo Brasil. O Rei do Futebol, que completou 82 anos no final de outubro, usou seus perfis nas redes sociais para expressar, nesta quinta-feira (10), a esperan\u00e7a de que a equipe de Tite [&hellip;]<\/p>\n","protected":false},"author":246,"featured_media":206487,"comment_status":"closed","ping_status":"closed","sticky":false,"template":"","format":"standard","meta":{"footnotes":""},"categories":[436,257,439],"tags":[],"class_list":["post-206486","post","type-post","status-publish","format-standard","has-post-thumbnail","hentry","category-destaque-da-semana","category-esporte","category-ultima-hora"],"_links":{"self":[{"href":"https:\/\/diarioregionaldigital.com.br\/index.php?rest_route=\/wp\/v2\/posts\/206486","targetHints":{"allow":["GET"]}}],"collection":[{"href":"https:\/\/diarioregionaldigital.com.br\/index.php?rest_route=\/wp\/v2\/posts"}],"about":[{"href":"https:\/\/diarioregionaldigital.com.br\/index.php?rest_route=\/wp\/v2\/types\/post"}],"author":[{"embeddable":true,"href":"https:\/\/diarioregionaldigital.com.br\/index.php?rest_route=\/wp\/v2\/users\/246"}],"replies":[{"embeddable":true,"href":"https:\/\/diarioregionaldigital.com.br\/index.php?rest_route=%2Fwp%2Fv2%2Fcomments&post=206486"}],"version-history":[{"count":1,"href":"https:\/\/diarioregionaldigital.com.br\/index.php?rest_route=\/wp\/v2\/posts\/206486\/revisions"}],"predecessor-version":[{"id":206488,"href":"https:\/\/diarioregionaldigital.com.br\/index.php?rest_route=\/wp\/v2\/posts\/206486\/revisions\/206488"}],"wp:featuredmedia":[{"embeddable":true,"href":"https:\/\/diarioregionaldigital.com.br\/index.php?rest_route=\/wp\/v2\/media\/206487"}],"wp:attachment":[{"href":"https:\/\/diarioregionaldigital.com.br\/index.php?rest_route=%2Fwp%2Fv2%2Fmedia&parent=206486"}],"wp:term":[{"taxonomy":"category","embeddable":true,"href":"https:\/\/diarioregionaldigital.com.br\/index.php?rest_route=%2Fwp%2Fv2%2Fcategories&post=206486"},{"taxonomy":"post_tag","embeddable":true,"href":"https:\/\/diarioregionaldigital.com.br\/index.php?rest_route=%2Fwp%2Fv2%2Ftags&post=206486"}],"curies":[{"name":"wp","href":"https:\/\/api.w.org\/{rel}","templated":true}]}}