{"id":206480,"date":"2022-11-10T19:27:42","date_gmt":"2022-11-10T22:27:42","guid":{"rendered":"https:\/\/diarioregionaldigital.com.br\/?p=206480"},"modified":"2022-11-10T19:27:42","modified_gmt":"2022-11-10T22:27:42","slug":"palmeiras-domina-a-selecao-do-campeonato-brasileiro","status":"publish","type":"post","link":"https:\/\/diarioregionaldigital.com.br\/?p=206480","title":{"rendered":"Palmeiras domina a sele\u00e7\u00e3o do Campeonato Brasileiro"},"content":{"rendered":"<p>A Confedera\u00e7\u00e3o Brasileira de Futebol (CBF) anunciou na tarde desta quinta-feira a sele\u00e7\u00e3o do Campeonato Brasileiro, equipe dominada pelo campe\u00e3o Palmeiras (com seis representantes). Al\u00e9m disso, s\u00e3o do elenco do Verd\u00e3o a revela\u00e7\u00e3o, o craque e o melhor t\u00e9cnico da competi\u00e7\u00e3o.<img decoding=\"async\" src=\"https:\/\/agenciabrasil.ebc.com.br\/ebc.png?id=1493283&amp;o=node\" \/><img decoding=\"async\" src=\"https:\/\/agenciabrasil.ebc.com.br\/ebc.gif?id=1493283&amp;o=node\" \/><\/p>\n<p>O destaque do Brasileiro foi o meio-campista Gustavo Scarpa, autor de sete gols e 12 assist\u00eancias na competi\u00e7\u00e3o. O jogador est\u00e1 de mudan\u00e7a para a Inglaterra, onde defender\u00e1 o Nottingham Forest. Os outros pr\u00eamios individuais tamb\u00e9m ficaram com representantes do Verd\u00e3o, o jovem centroavante Endrick \u00e9 a revela\u00e7\u00e3o e o portugu\u00eas Abel Ferreira o melhor t\u00e9cnico.<\/p>\n<p>O dom\u00ednio do Palmeiras na competi\u00e7\u00e3o tamb\u00e9m ficou evidenciada na sele\u00e7\u00e3o do Brasileiro, que contou com todo o sistema ofensivo do campe\u00e3o: o goleiro Weverton, os laterais Marcos Rocha e Joaquin Piquerez e os zagueiros Gustavo G\u00f3mez e Murilo. O sexto escolhido foi Gustavo Scarpa, um dos meio-campistas.<\/p>\n<p>O Flamengo tem dois representantes na equipe, o volante Jo\u00e3o Gomes e o meia uruguaio De Arrascaeta. J\u00e1 o Fluminense aparece com o meio-campista Andr\u00e9 e o atacante Germ\u00e1n Cano, que \u00e9 acompanhado na frente por Pedro Raul, do Goi\u00e1s.<\/p>\n<p><span style=\"font-weight: 400;\">Fonte: Ag\u00eancia Brasil <\/span><\/p>\n","protected":false},"excerpt":{"rendered":"<p>A Confedera\u00e7\u00e3o Brasileira de Futebol (CBF) anunciou na tarde desta quinta-feira a sele\u00e7\u00e3o do Campeonato Brasileiro, equipe dominada pelo campe\u00e3o Palmeiras (com seis representantes). Al\u00e9m disso, s\u00e3o do elenco do Verd\u00e3o a revela\u00e7\u00e3o, o craque e o melhor t\u00e9cnico da competi\u00e7\u00e3o. O destaque do Brasileiro foi o meio-campista Gustavo Scarpa, autor de sete gols e [&hellip;]<\/p>\n","protected":false},"author":246,"featured_media":206481,"comment_status":"closed","ping_status":"closed","sticky":false,"template":"","format":"standard","meta":{"footnotes":""},"categories":[436,440,257,439],"tags":[],"class_list":["post-206480","post","type-post","status-publish","format-standard","has-post-thumbnail","hentry","category-destaque-da-semana","category-destaques-do-dia","category-esporte","category-ultima-hora"],"_links":{"self":[{"href":"https:\/\/diarioregionaldigital.com.br\/index.php?rest_route=\/wp\/v2\/posts\/206480","targetHints":{"allow":["GET"]}}],"collection":[{"href":"https:\/\/diarioregionaldigital.com.br\/index.php?rest_route=\/wp\/v2\/posts"}],"about":[{"href":"https:\/\/diarioregionaldigital.com.br\/index.php?rest_route=\/wp\/v2\/types\/post"}],"author":[{"embeddable":true,"href":"https:\/\/diarioregionaldigital.com.br\/index.php?rest_route=\/wp\/v2\/users\/246"}],"replies":[{"embeddable":true,"href":"https:\/\/diarioregionaldigital.com.br\/index.php?rest_route=%2Fwp%2Fv2%2Fcomments&post=206480"}],"version-history":[{"count":1,"href":"https:\/\/diarioregionaldigital.com.br\/index.php?rest_route=\/wp\/v2\/posts\/206480\/revisions"}],"predecessor-version":[{"id":206482,"href":"https:\/\/diarioregionaldigital.com.br\/index.php?rest_route=\/wp\/v2\/posts\/206480\/revisions\/206482"}],"wp:featuredmedia":[{"embeddable":true,"href":"https:\/\/diarioregionaldigital.com.br\/index.php?rest_route=\/wp\/v2\/media\/206481"}],"wp:attachment":[{"href":"https:\/\/diarioregionaldigital.com.br\/index.php?rest_route=%2Fwp%2Fv2%2Fmedia&parent=206480"}],"wp:term":[{"taxonomy":"category","embeddable":true,"href":"https:\/\/diarioregionaldigital.com.br\/index.php?rest_route=%2Fwp%2Fv2%2Fcategories&post=206480"},{"taxonomy":"post_tag","embeddable":true,"href":"https:\/\/diarioregionaldigital.com.br\/index.php?rest_route=%2Fwp%2Fv2%2Ftags&post=206480"}],"curies":[{"name":"wp","href":"https:\/\/api.w.org\/{rel}","templated":true}]}}