{"id":206477,"date":"2022-11-10T19:22:00","date_gmt":"2022-11-10T22:22:00","guid":{"rendered":"https:\/\/diarioregionaldigital.com.br\/?p=206477"},"modified":"2022-11-10T19:22:00","modified_gmt":"2022-11-10T22:22:00","slug":"aprovada-mp-que-garante-credito-para-auxilio-de-r-600-ate-dezembro","status":"publish","type":"post","link":"https:\/\/diarioregionaldigital.com.br\/?p=206477","title":{"rendered":"Aprovada MP que garante cr\u00e9dito para aux\u00edlio de R$ 600 at\u00e9 dezembro"},"content":{"rendered":"<p>O plen\u00e1rio do Senado Federal aprovou nesta quarta-feira (9) a medida provis\u00f3ria que liberou cr\u00e9dito extraordin\u00e1rio de R$ 27 bilh\u00f5es ao Minist\u00e9rio da Cidadania. Esses recursos atendem ao financiamento, at\u00e9 dezembro, do aumento de R$ 400 para R$ 600 no valor do Aux\u00edlio Brasil, pago a mais de 21 milh\u00f5es de fam\u00edlias. O texto segue para promulga\u00e7\u00e3o.<img decoding=\"async\" src=\"https:\/\/agenciabrasil.ebc.com.br\/ebc.png?id=1493118&amp;o=node\" \/><img decoding=\"async\" src=\"https:\/\/agenciabrasil.ebc.com.br\/ebc.gif?id=1493118&amp;o=node\" \/><\/p>\n<p>O montante tamb\u00e9m atende ao financiamento, at\u00e9 dezembro, de outros programas sociais inclu\u00eddos na Emenda Constitucional 123 \u2013 que permite ao governo gastar por fora do teto de gastos mais R$ 41,25 bilh\u00f5es at\u00e9 o fim do ano para aumentar benef\u00edcios sociais e diminuir tributos do etanol.<\/p>\n<p>A MP permitiu o pagamento de um acr\u00e9scimo de R$ 200 no programa Aux\u00edlio Brasil (R$ 25,5 bilh\u00f5es) e o aumento do valor do Aux\u00edlio G\u00e1s (R$ 1,04 bilh\u00e3o).<\/p>\n<p>Tamb\u00e9m ser\u00e3o destinados R$ 500 milh\u00f5es ao Alimenta Brasil, programa social que garante o abastecimento alimentar das pessoas atendidas pela rede socioassistencial do governo por meio de alimentos produzidos pela agricultura familiar.<\/p>\n<p>H\u00e1 ainda a destina\u00e7\u00e3o de R$ 86,9 milh\u00f5es ao Minist\u00e9rio da Economia para o pagamento de custos e encargos banc\u00e1rios relativos ao programa Aux\u00edlio Brasil.<\/p>\n<h2>Bancos inadimplentes<\/h2>\n<p>O Senado Federal tamb\u00e9m aprovou a medida provis\u00f3ria que estabelece compensa\u00e7\u00e3o tribut\u00e1ria para institui\u00e7\u00f5es financeiras que sofreram perdas no recebimento de cr\u00e9ditos. O texto prev\u00ea que os bancos possam deduzir as perdas na hora de determinar o lucro real e a base de c\u00e1lculo da Contribui\u00e7\u00e3o Social sobre o Lucro L\u00edquido (CSLL).<\/p>\n<p>A regra vale para opera\u00e7\u00f5es inadimplidas (com atraso superior a 90 dias) e para opera\u00e7\u00f5es com pessoa jur\u00eddica em processo falimentar ou em recupera\u00e7\u00e3o judicial. O tratamento tribut\u00e1rio diferenciado pode ser aplicado a partir de 1\u00ba de janeiro de 2025. Administradoras de cons\u00f3rcio e institui\u00e7\u00f5es de pagamento ficam de fora do regime especial. O texto tamb\u00e9m segue para promulga\u00e7\u00e3o.<\/p>\n<p>Nas opera\u00e7\u00f5es inadimplidas, o valor da perda dedut\u00edvel deve ser apurado mensalmente. Nos casos de recupera\u00e7\u00e3o judicial, o valor ser\u00e1 igual \u00e0 parcela que exceder o montante que o devedor tenha se comprometido a pagar. Na hip\u00f3tese de fal\u00eancia, a perda dedut\u00edvel \u00e9 igual ao valor total do cr\u00e9dito.<\/p>\n<p><span style=\"font-weight: 400;\">Fonte: Ag\u00eancia Brasil\u00a0<\/span><span style=\"font-weight: 400;\"><br \/>\n<\/span><\/p>\n","protected":false},"excerpt":{"rendered":"<p>O plen\u00e1rio do Senado Federal aprovou nesta quarta-feira (9) a medida provis\u00f3ria que liberou cr\u00e9dito extraordin\u00e1rio de R$ 27 bilh\u00f5es ao Minist\u00e9rio da Cidadania. Esses recursos atendem ao financiamento, at\u00e9 dezembro, do aumento de R$ 400 para R$ 600 no valor do Aux\u00edlio Brasil, pago a mais de 21 milh\u00f5es de fam\u00edlias. O texto segue [&hellip;]<\/p>\n","protected":false},"author":246,"featured_media":206478,"comment_status":"closed","ping_status":"closed","sticky":false,"template":"","format":"standard","meta":{"footnotes":""},"categories":[436,254,439],"tags":[],"class_list":["post-206477","post","type-post","status-publish","format-standard","has-post-thumbnail","hentry","category-destaque-da-semana","category-politica","category-ultima-hora"],"_links":{"self":[{"href":"https:\/\/diarioregionaldigital.com.br\/index.php?rest_route=\/wp\/v2\/posts\/206477","targetHints":{"allow":["GET"]}}],"collection":[{"href":"https:\/\/diarioregionaldigital.com.br\/index.php?rest_route=\/wp\/v2\/posts"}],"about":[{"href":"https:\/\/diarioregionaldigital.com.br\/index.php?rest_route=\/wp\/v2\/types\/post"}],"author":[{"embeddable":true,"href":"https:\/\/diarioregionaldigital.com.br\/index.php?rest_route=\/wp\/v2\/users\/246"}],"replies":[{"embeddable":true,"href":"https:\/\/diarioregionaldigital.com.br\/index.php?rest_route=%2Fwp%2Fv2%2Fcomments&post=206477"}],"version-history":[{"count":1,"href":"https:\/\/diarioregionaldigital.com.br\/index.php?rest_route=\/wp\/v2\/posts\/206477\/revisions"}],"predecessor-version":[{"id":206479,"href":"https:\/\/diarioregionaldigital.com.br\/index.php?rest_route=\/wp\/v2\/posts\/206477\/revisions\/206479"}],"wp:featuredmedia":[{"embeddable":true,"href":"https:\/\/diarioregionaldigital.com.br\/index.php?rest_route=\/wp\/v2\/media\/206478"}],"wp:attachment":[{"href":"https:\/\/diarioregionaldigital.com.br\/index.php?rest_route=%2Fwp%2Fv2%2Fmedia&parent=206477"}],"wp:term":[{"taxonomy":"category","embeddable":true,"href":"https:\/\/diarioregionaldigital.com.br\/index.php?rest_route=%2Fwp%2Fv2%2Fcategories&post=206477"},{"taxonomy":"post_tag","embeddable":true,"href":"https:\/\/diarioregionaldigital.com.br\/index.php?rest_route=%2Fwp%2Fv2%2Ftags&post=206477"}],"curies":[{"name":"wp","href":"https:\/\/api.w.org\/{rel}","templated":true}]}}