{"id":206474,"date":"2022-11-10T19:20:26","date_gmt":"2022-11-10T22:20:26","guid":{"rendered":"https:\/\/diarioregionaldigital.com.br\/?p=206474"},"modified":"2022-11-10T19:20:26","modified_gmt":"2022-11-10T22:20:26","slug":"ccj-do-senado-aprova-suas-prioridades-para-orcamento-de-2023","status":"publish","type":"post","link":"https:\/\/diarioregionaldigital.com.br\/?p=206474","title":{"rendered":"CCJ do Senado aprova suas prioridades para Or\u00e7amento de 2023"},"content":{"rendered":"<p>A Comiss\u00e3o de Constitui\u00e7\u00e3o e Justi\u00e7a (CCJ) do Senado aprovou nesta quinta-feira (10) suas emendas ao projeto da Lei Or\u00e7ament\u00e1ria de 2023 (PLN 32\/2022). No valor de R$ 400 milh\u00f5es, as sugest\u00f5es seguem para an\u00e1lise da Comiss\u00e3o Mista de Or\u00e7amento (CMO).<img decoding=\"async\" src=\"https:\/\/agenciabrasil.ebc.com.br\/ebc.png?id=1493210&amp;o=node\" \/><img decoding=\"async\" src=\"https:\/\/agenciabrasil.ebc.com.br\/ebc.gif?id=1493210&amp;o=node\" \/><\/p>\n<p>Segundo o relator na CCJ, Mecias de Jesus (Republicanos-RR), na divis\u00e3o dos recursos, R$ 100 milh\u00f5es devem ser empenhados para \u201cPol\u00edticas de Seguran\u00e7a, Preven\u00e7\u00e3o e Enfrentamento \u00e0 Criminalidade\u201d, do Minist\u00e9rio da Justi\u00e7a e Seguran\u00e7a P\u00fablica. O refor\u00e7o nessa rubrica foi sugerido por 15 parlamentares.<\/p>\n<p>Por sugest\u00e3o de tr\u00eas senadores, a \u00e1rea de seguran\u00e7a tamb\u00e9m dever\u00e1 receber R$ 100 milh\u00f5es para a \u201cPromo\u00e7\u00e3o da Pol\u00edtica Nacional de Justi\u00e7a\u201d. Valor id\u00eantico deve ir para \u201cArticula\u00e7\u00e3o de Pol\u00edtica P\u00fablica sobre Drogas V\u201d, destina\u00e7\u00e3o sugerida por 13 senadores.<\/p>\n<p>Caso a Comiss\u00e3o Mista de Or\u00e7amento acate emenda aprovada pela CCJ, a \u201cProte\u00e7\u00e3o e Defesa do Consumidor\u201d receber\u00e1 mais R$ 100 milh\u00f5es. No total, foram feitas 123 sugest\u00f5es de emendas relativas a programa\u00e7\u00f5es or\u00e7ament\u00e1rias para financiar pol\u00edticas p\u00fablicas foram feitas.<\/p>\n<p>\u201cTodas as indica\u00e7\u00f5es exibem ineg\u00e1vel m\u00e9rito. Contudo, dada a restri\u00e7\u00e3o quantitativa, selecionamos, como crit\u00e9rio primordial, programa\u00e7\u00f5es or\u00e7ament\u00e1rias com bom n\u00famero de indica\u00e7\u00f5es pelos parlamentares, alinhadas \u00e0s prioridades das pol\u00edticas p\u00fablicas a cargo dos \u00f3rg\u00e3os afins \u00e0s compet\u00eancias desta comiss\u00e3o&#8221;, ressaltou o relator Mecias de Jesus.<\/p>\n<p><span style=\"font-weight: 400;\">Fonte: Ag\u00eancia Brasil <\/span><\/p>\n","protected":false},"excerpt":{"rendered":"<p>A Comiss\u00e3o de Constitui\u00e7\u00e3o e Justi\u00e7a (CCJ) do Senado aprovou nesta quinta-feira (10) suas emendas ao projeto da Lei Or\u00e7ament\u00e1ria de 2023 (PLN 32\/2022). No valor de R$ 400 milh\u00f5es, as sugest\u00f5es seguem para an\u00e1lise da Comiss\u00e3o Mista de Or\u00e7amento (CMO). Segundo o relator na CCJ, Mecias de Jesus (Republicanos-RR), na divis\u00e3o dos recursos, R$ [&hellip;]<\/p>\n","protected":false},"author":246,"featured_media":206475,"comment_status":"closed","ping_status":"closed","sticky":false,"template":"","format":"standard","meta":{"footnotes":""},"categories":[436,254,439],"tags":[],"class_list":["post-206474","post","type-post","status-publish","format-standard","has-post-thumbnail","hentry","category-destaque-da-semana","category-politica","category-ultima-hora"],"_links":{"self":[{"href":"https:\/\/diarioregionaldigital.com.br\/index.php?rest_route=\/wp\/v2\/posts\/206474","targetHints":{"allow":["GET"]}}],"collection":[{"href":"https:\/\/diarioregionaldigital.com.br\/index.php?rest_route=\/wp\/v2\/posts"}],"about":[{"href":"https:\/\/diarioregionaldigital.com.br\/index.php?rest_route=\/wp\/v2\/types\/post"}],"author":[{"embeddable":true,"href":"https:\/\/diarioregionaldigital.com.br\/index.php?rest_route=\/wp\/v2\/users\/246"}],"replies":[{"embeddable":true,"href":"https:\/\/diarioregionaldigital.com.br\/index.php?rest_route=%2Fwp%2Fv2%2Fcomments&post=206474"}],"version-history":[{"count":1,"href":"https:\/\/diarioregionaldigital.com.br\/index.php?rest_route=\/wp\/v2\/posts\/206474\/revisions"}],"predecessor-version":[{"id":206476,"href":"https:\/\/diarioregionaldigital.com.br\/index.php?rest_route=\/wp\/v2\/posts\/206474\/revisions\/206476"}],"wp:featuredmedia":[{"embeddable":true,"href":"https:\/\/diarioregionaldigital.com.br\/index.php?rest_route=\/wp\/v2\/media\/206475"}],"wp:attachment":[{"href":"https:\/\/diarioregionaldigital.com.br\/index.php?rest_route=%2Fwp%2Fv2%2Fmedia&parent=206474"}],"wp:term":[{"taxonomy":"category","embeddable":true,"href":"https:\/\/diarioregionaldigital.com.br\/index.php?rest_route=%2Fwp%2Fv2%2Fcategories&post=206474"},{"taxonomy":"post_tag","embeddable":true,"href":"https:\/\/diarioregionaldigital.com.br\/index.php?rest_route=%2Fwp%2Fv2%2Ftags&post=206474"}],"curies":[{"name":"wp","href":"https:\/\/api.w.org\/{rel}","templated":true}]}}