{"id":206471,"date":"2022-11-10T19:18:30","date_gmt":"2022-11-10T22:18:30","guid":{"rendered":"https:\/\/diarioregionaldigital.com.br\/?p=206471"},"modified":"2022-11-10T19:18:30","modified_gmt":"2022-11-10T22:18:30","slug":"vice-presidente-eleito-anuncia-mais-36-nomes-para-grupos-tecnicos","status":"publish","type":"post","link":"https:\/\/diarioregionaldigital.com.br\/?p=206471","title":{"rendered":"Vice-presidente eleito anuncia mais 36 nomes para grupos t\u00e9cnicos"},"content":{"rendered":"<p>O vice-presidente eleito e coordenador-geral da equipe de transi\u00e7\u00e3o, Geraldo Alckmin, anunciou hoje (10) um lista com 36 novos nomes para fazer parte da transi\u00e7\u00e3o para o futuro governo. Os nomes est\u00e3o distribu\u00eddos em seis novos grupos t\u00e9cnicos: comunica\u00e7\u00f5es; direitos humanos; igualdade racial; planejamento, or\u00e7amento e gest\u00e3o; ind\u00fastria, com\u00e9rcio, servi\u00e7os e pequenas empresas; e mulheres.<img decoding=\"async\" src=\"https:\/\/agenciabrasil.ebc.com.br\/ebc.png?id=1493265&amp;o=node\" \/><img decoding=\"async\" src=\"https:\/\/agenciabrasil.ebc.com.br\/ebc.gif?id=1493265&amp;o=node\" \/><\/p>\n<p>Cinco ex-ministros, dentre eles Guido Mantega (Fazenda) e Paulo Bernardo (Comunica\u00e7\u00f5es), al\u00e9m de Anielle Franco, irm\u00e3 da vereadora assassinada Marielle Franco, far\u00e3o parte da equipe. Tamb\u00e9m comp\u00f5em a lista os ex-ministros Eleonora Menicucci (Mulheres), Nilma Lino Gomes (Direitos Humanos e Igualdade Racial) e Maria do Ros\u00e1rio (Direitos Humanos).<\/p>\n<p>Mantega ir\u00e1 para o grupo de Planejamento, Or\u00e7amento e Gest\u00e3o. Os demais ir\u00e3o para as respectivas \u00e1reas em que foram ministros. Diretora do Instituto Marielle Franco, Anielle Franco ir\u00e1 para o grupo de Mulheres.<\/p>\n<p>Ao oficializar a\u00a0<a href=\"https:\/\/agenciabrasil.ebc.com.br\/politica\/noticia\/2022-11\/recomposicao-do-orcamento-para-2023-e-prioridade-diz-alckmin\" target=\"_blank\" rel=\"noopener\">cria\u00e7\u00e3o do gabinete de transi\u00e7\u00e3o<\/a>\u00a0e anunciar os primeiros nomes, na ter\u00e7a-feira (8), Alckmin disse que a transi\u00e7\u00e3o tem como objetivo apenas levantar informa\u00e7\u00f5es e n\u00e3o significa a defini\u00e7\u00e3o de minist\u00e9rios.<\/p>\n<p>Ontem (9) \u00e0 noite, o presidente eleito, Luiz In\u00e1cio Lula da Silva, disse que\u00a0<a href=\"https:\/\/agenciabrasil.ebc.com.br\/politica\/noticia\/2022-11\/lula-diz-que-so-definira-nomes-para-ministerio-apos-viagem-ao-egito\" target=\"_blank\" rel=\"noopener\">s\u00f3 anunciar\u00e1 os primeiros<\/a>\u00a0nomes de ministros a partir do pr\u00f3ximo dia 19, quando retorna de viagem \u00e0 Confer\u00eancia das Na\u00e7\u00f5es Unidas sobre Mudan\u00e7as Clim\u00e1ticas (COP 27).<\/p>\n<p>Al\u00e9m de Alckmin, respons\u00e1vel pela coordena\u00e7\u00e3o-geral da transi\u00e7\u00e3o, o gabinete ter\u00e1 tr\u00eas coordenadores principais: Administrativa e Jur\u00eddica, de responsabilidade do ex-deputado Floriano Pesaro (PSB), indicado por Alckmin; Rela\u00e7\u00f5es Institucionais, administrada pela presidente do PT, Gleisi Hoffmann; e Programa de Governo e N\u00facleos Tem\u00e1ticos, sob a responsabilidade do ex-ministro da Educa\u00e7\u00e3o Aloizio Mercadante. Os grupos ser\u00e3o distribu\u00eddos dentro dessas coordena\u00e7\u00f5es principais.<\/p>\n<h2>Outros nomes<\/h2>\n<p>Na \u00faltima ter\u00e7a-feira, Alckmin anunciou os integrantes do grupo de economia. O comando da equipe ficou repartida entre economistas ligados ao PT e criadores do Plano Real. Far\u00e3o parte desse grupo os economistas Andr\u00e9 Lara Resende, presidente do Banco Nacional de Desenvolvimento Econ\u00f4mico e Social (BNDES) no governo Fernando Henrique Cardoso e um dos formuladores do Plano Real; P\u00e9rsio Arida, ex-presidente do BNDES e do Banco Central; o professor da Universidade de Campinas (Unicamp) Guilherme Mello; e Nelson Barbosa, ministro da Fazenda no segundo governo Dilma Rousseff.<\/p>\n<p>Na ocasi\u00e3o, Alckmin disse que Mantega faria parte da equipe de transi\u00e7\u00e3o, mas em outro grupo e citou a compet\u00eancia do ex-ministro, que ocupou a pasta da Fazenda entre 2006 e 2014. Tamb\u00e9m na ter\u00e7a, o vice-presidente eleito anunciou os nomes da \u00e1rea de assist\u00eancia social, que ser\u00e1 comandada pela senadora Simone Tebet (MDB-MS); pelas ex-ministras do Desenvolvimento Social e Combate \u00e0 Fome M\u00e1rcia Lopes e Tereza Campello e pelo deputado estadual mineiro Andr\u00e9 Quint\u00e3o (PT-MG).<\/p>\n<p>No gabinete de transi\u00e7\u00e3o, Alckmin ter\u00e1 a ajuda de dois companheiros do PSB, partido do vice-presidente eleito. Ele trabalhar\u00e1 com o ex-governador de S\u00e3o Paulo M\u00e1rcio Fran\u00e7a e o prefeito de Recife, Jo\u00e3o Campos. Os dois s\u00e3o do PSB, partido do vice eleito. A futura primeira-dama, Ros\u00e2ngela da Silva, conhecida como Janja, coordenar\u00e1 a organiza\u00e7\u00e3o da festa da posse de Lula.<\/p>\n<h2>Confira a composi\u00e7\u00e3o dos novos nomes anunciados:<\/h2>\n<p><strong>Comunica\u00e7\u00f5es<\/strong><br \/>\nPaulo Bernardo, ex-ministro das Comunica\u00e7\u00f5es<br \/>\nJorge Bittar, ex-deputado federal<br \/>\nCezar Alvarez, ex-secret\u00e1rio do Minist\u00e9rio de Comunica\u00e7\u00f5es<br \/>\nAlessandra Orofino, especialista em economia e direitos humanos formada na Universidade de Columbia<\/p>\n<p><strong>Direitos Humanos<\/strong><br \/>\nMaria do Ros\u00e1rio, deputada federal e ex-ministra de Direitos Humanos<br \/>\nSilvio Almeida, jurista e autor do livro Racismo Estrutural<br \/>\nLuiz Alberto Melchert, doutor em economia<br \/>\nJana\u00edna Barbosa de Oliveira, representante do movimento LGBTQIA+<br \/>\nRubens Linhares Mendon\u00e7a Lopes, representante da coordena\u00e7\u00e3o setorial do PT para pessoas com defici\u00eancia<br \/>\nEm\u00eddio de Souza, deputado estadual (PT-SP)<br \/>\nMaria Victoria Benevides, soci\u00f3loga e professora<\/p>\n<p><strong>Igualdade Racial<\/strong><br \/>\nNilma Lino Gomes, ex-ministra de Igualdade Racial<br \/>\nGiv\u00e2nia Maria Silva, quilombola e doutora em sociologia<br \/>\nDouglas Belchior, educador<br \/>\nThiago Tobias, representante do Coaliz\u00e3o Negra<br \/>\nIeda Leal, coordenadora do Movimento Negro Unificado (MNU)<br \/>\nMartvs das Chagas, secret\u00e1rio de Planejamento de Juiz de Fora<br \/>\nPreta Ferreira, movimento negro e movimento de moradia<\/p>\n<p><strong>Planejamento, Or\u00e7amento e Gest\u00e3o<\/strong><br \/>\nGuido Mantega, ex-ministro da Fazenda<br \/>\nEnio Verri, deputado federal (PT-PR)<br \/>\nEsther Dweck, economista e professora da UFRJ e ex-secret\u00e1ria de Or\u00e7amento Federal<br \/>\nAntonio Corr\u00eaa de Lacerda, presidente do Conselho Federal de Economia<\/p>\n<p><strong>Ind\u00fastria, Com\u00e9rcio, Servi\u00e7os e Pequenas Empresas<\/strong><br \/>\nGermano Rigotto, ex-governador do Rio Grande do Sul<br \/>\nJackson Schneider, executivo da Embraer e ex-presidente da Anfavea<br \/>\nRafael Lucchesi, diretor-geral do Senai Nacional<br \/>\nMarcelo Ramos, deputado federal (PSD-AM)<br \/>\nTatiana Concei\u00e7\u00e3o Valente, especialista em economia solid\u00e1ria;<br \/>\nPaulo Okamotto, ex-presidente do Sebrae e do Instituto Lula<br \/>\nPaulo Feldmann, professor da USP<br \/>\nAndr\u00e9 Ceciliano, presidente da Assembleia Legislativa do Rio (Alerj)<\/p>\n<p><strong>Mulheres<\/strong><br \/>\nAnielle Franco, diretora do Instituto Marielle Franco<br \/>\nRoseli Faria, economista<br \/>\nRoberta Eug\u00eanio, mestre em direito, pesquisadora do Instituto Alziras e ex-assessora de Marielle Franco<br \/>\nMaria Helena Guarezi, ex-diretora de Itaipu e amiga pessoal de Janja<br \/>\nEleonora Menicucci, ex-ministra da Secretaria de Pol\u00edtica para Mulheres<br \/>\nAparecida Gon\u00e7alves, ex-secret\u00e1ria Nacional da Viol\u00eancia contra a Mulher<\/p>\n<p><span style=\"font-weight: 400;\">Fonte: Ag\u00eancia Brasil <\/span><\/p>\n","protected":false},"excerpt":{"rendered":"<p>O vice-presidente eleito e coordenador-geral da equipe de transi\u00e7\u00e3o, Geraldo Alckmin, anunciou hoje (10) um lista com 36 novos nomes para fazer parte da transi\u00e7\u00e3o para o futuro governo. Os nomes est\u00e3o distribu\u00eddos em seis novos grupos t\u00e9cnicos: comunica\u00e7\u00f5es; direitos humanos; igualdade racial; planejamento, or\u00e7amento e gest\u00e3o; ind\u00fastria, com\u00e9rcio, servi\u00e7os e pequenas empresas; e mulheres. [&hellip;]<\/p>\n","protected":false},"author":246,"featured_media":206472,"comment_status":"closed","ping_status":"closed","sticky":false,"template":"","format":"standard","meta":{"footnotes":""},"categories":[436,254,439],"tags":[],"class_list":["post-206471","post","type-post","status-publish","format-standard","has-post-thumbnail","hentry","category-destaque-da-semana","category-politica","category-ultima-hora"],"_links":{"self":[{"href":"https:\/\/diarioregionaldigital.com.br\/index.php?rest_route=\/wp\/v2\/posts\/206471","targetHints":{"allow":["GET"]}}],"collection":[{"href":"https:\/\/diarioregionaldigital.com.br\/index.php?rest_route=\/wp\/v2\/posts"}],"about":[{"href":"https:\/\/diarioregionaldigital.com.br\/index.php?rest_route=\/wp\/v2\/types\/post"}],"author":[{"embeddable":true,"href":"https:\/\/diarioregionaldigital.com.br\/index.php?rest_route=\/wp\/v2\/users\/246"}],"replies":[{"embeddable":true,"href":"https:\/\/diarioregionaldigital.com.br\/index.php?rest_route=%2Fwp%2Fv2%2Fcomments&post=206471"}],"version-history":[{"count":1,"href":"https:\/\/diarioregionaldigital.com.br\/index.php?rest_route=\/wp\/v2\/posts\/206471\/revisions"}],"predecessor-version":[{"id":206473,"href":"https:\/\/diarioregionaldigital.com.br\/index.php?rest_route=\/wp\/v2\/posts\/206471\/revisions\/206473"}],"wp:featuredmedia":[{"embeddable":true,"href":"https:\/\/diarioregionaldigital.com.br\/index.php?rest_route=\/wp\/v2\/media\/206472"}],"wp:attachment":[{"href":"https:\/\/diarioregionaldigital.com.br\/index.php?rest_route=%2Fwp%2Fv2%2Fmedia&parent=206471"}],"wp:term":[{"taxonomy":"category","embeddable":true,"href":"https:\/\/diarioregionaldigital.com.br\/index.php?rest_route=%2Fwp%2Fv2%2Fcategories&post=206471"},{"taxonomy":"post_tag","embeddable":true,"href":"https:\/\/diarioregionaldigital.com.br\/index.php?rest_route=%2Fwp%2Fv2%2Ftags&post=206471"}],"curies":[{"name":"wp","href":"https:\/\/api.w.org\/{rel}","templated":true}]}}