{"id":206453,"date":"2022-11-10T19:05:28","date_gmt":"2022-11-10T22:05:28","guid":{"rendered":"https:\/\/diarioregionaldigital.com.br\/?p=206453"},"modified":"2022-11-10T19:05:28","modified_gmt":"2022-11-10T22:05:28","slug":"producao-de-motocicletas-cresce-26-em-outubro-aponta-abraciclo","status":"publish","type":"post","link":"https:\/\/diarioregionaldigital.com.br\/?p=206453","title":{"rendered":"Produ\u00e7\u00e3o de motocicletas cresce 26% em outubro, aponta Abraciclo"},"content":{"rendered":"<div class=\"post-item-wrap\">\n<p>O Polo Industrial de Manaus (PIM) produziu, em outubro, 137.346 motocicletas, aponta levantamento da Associa\u00e7\u00e3o Brasileira dos Fabricantes de Motocicletas, Ciclomotores, Motonetas, Bicicletas e Similares (Abraciclo), divulgado hoje (10). A produ\u00e7\u00e3o \u00e9 26,6% maior do que a registrada no mesmo m\u00eas do ano passado, quando foram fabricadas 108,4 mil unidades. Na compara\u00e7\u00e3o com setembro, houve um recuo de 1,6%, tendo em vista que no m\u00eas anterior a produ\u00e7\u00e3o ultrapassou 139 mil motocicletas.<img decoding=\"async\" src=\"https:\/\/agenciabrasil.ebc.com.br\/ebc.png?id=1493236&amp;o=node\" \/><img decoding=\"async\" src=\"https:\/\/agenciabrasil.ebc.com.br\/ebc.gif?id=1493236&amp;o=node\" \/><\/p>\n<p>A associa\u00e7\u00e3o destaca que \u00e9 o terceiro melhor resultado do ano. A produ\u00e7\u00e3o caiu ap\u00f3s os dois meses com maior produ\u00e7\u00e3o de 2022: agosto (145,8 mil), que \u00e9 o melhor n\u00famero, e setembro (139,6 mil).<\/p>\n<p>O presidente da Abraciclo, Marcos Fermanian, disse em nota que \u201ca ind\u00fastria segue em expans\u00e3o e mant\u00e9m o ritmo de crescimento para atender aos consumidores\u201d. Ele apontou ainda que a alta no pre\u00e7o dos combust\u00edveis pode levar mais pessoas a optarem \u201cpelo guid\u00e3o\u201d por serem mais econ\u00f4micos.<\/p>\n<p>De janeiro a outubro, foram produzidas 1.198.889 motocicletas no polo de Manaus, uma alta de 19,3% em rela\u00e7\u00e3o ao mesmo per\u00edodo do ano passado. Em 2021, sa\u00edram 1.005.014 unidades das linhas de montagem.<\/p>\n<p>A Abraciclo disse que esse \u00e9 o melhor resultado para os dez primeiros meses do ano desde 2014. Naquele ano, foram fabricadas mais de 1,3 milh\u00e3o de unidades. A entidade projeta a produ\u00e7\u00e3o de 1,420 milh\u00e3o de motocicletas este ano, o que representa um acr\u00e9scimo de 18,8% nos n\u00fameros de 2021.<\/p>\n<h2>Vendas<\/h2>\n<p>No varejo, foram negociadas 120.273 motocicletas em outubro, uma alta de 24% em rela\u00e7\u00e3o a outubro do ano passado, quando 97 mil unidades foram licenciadas. Na compara\u00e7\u00e3o com setembro, o volume \u00e9 2,7% menor, pois foram vendidos mais de 123 mil motocicletas. Outubro tamb\u00e9m foi o terceiro melhor m\u00eas nos emplacamentos. O melhor n\u00famero foi registrado em maio com 133.344 licenciamentos, seguido por setembro, com 123.641.<\/p>\n<p>A m\u00e9dia di\u00e1ria de vendas, no m\u00eas, que teve 20 dias \u00fateis, foi de 6.014 unidades. Em outubro de 2021, que teve um dia \u00fatil a menos, a m\u00e9dia ficou em 5.105 emplacamentos por dia. J\u00e1 em rela\u00e7\u00e3o a setembro, que teve um dia \u00fatil a mais, com m\u00e9dia de 5.888, houve alta de 2,1%.<\/p>\n<h2>Exporta\u00e7\u00e3o<\/h2>\n<p>As associadas da Abraciclo venderam 4.047 motocicletas para o estrangeiro em outubro, o que representa 3,2% a menos do que em outubro de 2021, quando foram embarcadas 4.182 unidades. Na compara\u00e7\u00e3o com setembro, a retra\u00e7\u00e3o chega a 30,1%, com a exporta\u00e7\u00e3o de 5.786 unidades. A associa\u00e7\u00e3o utiliza os dados do portal de estat\u00edsticas de com\u00e9rcio exterior Comex Stat para indicar que a Argentina foi o principal destino do m\u00eas de outubro, com 29% do total.<\/p>\n<p>No acumulado do ano, as exporta\u00e7\u00f5es somam 47.717 motocicletas, um volume 1,6% maior na compara\u00e7\u00e3o com o per\u00edodo de janeiro a outubro do ano passado. Os dados do Comex Stat apontam que a Col\u00f4mbia \u00e9 o principal mercado, representando 28,1% das exporta\u00e7\u00f5es, seguida pela Argentina, com 24,3% do total exportado.<\/p>\n<h2>Por regi\u00e3o<\/h2>\n<p>Em outubro, a Regi\u00e3o Norte teve alta de 33,9% no volume de licenciamentos, com 15.370 motocicletas vendidas. \u00c9 o maior crescimento percentual no volume de emplacamentos em um ano. Em n\u00fameros absolutos, a lideran\u00e7a em vendas \u00e9 do Sudeste, com 38,1% de participa\u00e7\u00e3o do mercado e mais de 45,8 mil unidades licenciadas. O Nordeste aparece em seguida, com 30,1% do mercado e 36,1 mil unidades.<\/p>\n<p><span style=\"font-weight: 400;\">Fonte: Ag\u00eancia Brasil <\/span><\/p>\n<\/div>\n","protected":false},"excerpt":{"rendered":"<p>O Polo Industrial de Manaus (PIM) produziu, em outubro, 137.346 motocicletas, aponta levantamento da Associa\u00e7\u00e3o Brasileira dos Fabricantes de Motocicletas, Ciclomotores, Motonetas, Bicicletas e Similares (Abraciclo), divulgado hoje (10). A produ\u00e7\u00e3o \u00e9 26,6% maior do que a registrada no mesmo m\u00eas do ano passado, quando foram fabricadas 108,4 mil unidades. Na compara\u00e7\u00e3o com setembro, houve [&hellip;]<\/p>\n","protected":false},"author":246,"featured_media":206454,"comment_status":"closed","ping_status":"closed","sticky":false,"template":"","format":"standard","meta":{"footnotes":""},"categories":[436,440,261,439],"tags":[],"class_list":["post-206453","post","type-post","status-publish","format-standard","has-post-thumbnail","hentry","category-destaque-da-semana","category-destaques-do-dia","category-economia","category-ultima-hora"],"_links":{"self":[{"href":"https:\/\/diarioregionaldigital.com.br\/index.php?rest_route=\/wp\/v2\/posts\/206453","targetHints":{"allow":["GET"]}}],"collection":[{"href":"https:\/\/diarioregionaldigital.com.br\/index.php?rest_route=\/wp\/v2\/posts"}],"about":[{"href":"https:\/\/diarioregionaldigital.com.br\/index.php?rest_route=\/wp\/v2\/types\/post"}],"author":[{"embeddable":true,"href":"https:\/\/diarioregionaldigital.com.br\/index.php?rest_route=\/wp\/v2\/users\/246"}],"replies":[{"embeddable":true,"href":"https:\/\/diarioregionaldigital.com.br\/index.php?rest_route=%2Fwp%2Fv2%2Fcomments&post=206453"}],"version-history":[{"count":1,"href":"https:\/\/diarioregionaldigital.com.br\/index.php?rest_route=\/wp\/v2\/posts\/206453\/revisions"}],"predecessor-version":[{"id":206455,"href":"https:\/\/diarioregionaldigital.com.br\/index.php?rest_route=\/wp\/v2\/posts\/206453\/revisions\/206455"}],"wp:featuredmedia":[{"embeddable":true,"href":"https:\/\/diarioregionaldigital.com.br\/index.php?rest_route=\/wp\/v2\/media\/206454"}],"wp:attachment":[{"href":"https:\/\/diarioregionaldigital.com.br\/index.php?rest_route=%2Fwp%2Fv2%2Fmedia&parent=206453"}],"wp:term":[{"taxonomy":"category","embeddable":true,"href":"https:\/\/diarioregionaldigital.com.br\/index.php?rest_route=%2Fwp%2Fv2%2Fcategories&post=206453"},{"taxonomy":"post_tag","embeddable":true,"href":"https:\/\/diarioregionaldigital.com.br\/index.php?rest_route=%2Fwp%2Fv2%2Ftags&post=206453"}],"curies":[{"name":"wp","href":"https:\/\/api.w.org\/{rel}","templated":true}]}}