{"id":206443,"date":"2022-11-09T21:24:25","date_gmt":"2022-11-10T00:24:25","guid":{"rendered":"https:\/\/diarioregionaldigital.com.br\/?p=206443"},"modified":"2022-11-09T21:24:25","modified_gmt":"2022-11-10T00:24:25","slug":"pjf-da-sequencia-nos-reparos-no-asfalto-em-benfica","status":"publish","type":"post","link":"https:\/\/diarioregionaldigital.com.br\/?p=206443","title":{"rendered":"PJF d\u00e1 sequ\u00eancia nos reparos no asfalto em Benfica"},"content":{"rendered":"<p>Segundo informa\u00e7\u00f5es do site da Prefeitura de Juiz de Fora (PJF),\u00a0 a PJF segue com as a\u00e7\u00f5es de melhoria na mobilidade urbana. Nesta semana, equipes estiveram nas ruas Afonso Garcia e Sebasti\u00e3o Garcia, no bairro Benfica, com servi\u00e7os de recomposi\u00e7\u00e3o asf\u00e1ltica.<\/p>\n<p>Os trabalhos de pavimenta\u00e7\u00e3o na Sebasti\u00e3o Garcia j\u00e1 foram conclu\u00eddos, proporcionando melhorias nos 126 metros de comprimento da via. J\u00e1 na outra via, a Afonso Garcia, onde, anteriormente, a situa\u00e7\u00e3o do pavimento era prec\u00e1ria e com muita terra, foi realizada uma interven\u00e7\u00e3o para proteger a base em um trecho de cerca de 70 metros de extens\u00e3o. O novo pavimento ser\u00e1 aplicado nos pr\u00f3ximos dias.<\/p>\n<p>Os trabalhos seguem em andamento em v\u00e1rios pontos da cidade e a programa\u00e7\u00e3o completa das atividades realizadas pela Empresa Municipal de Pavimenta\u00e7\u00e3o e Urbanidades (Empav) pode ser acompanhada diariamente atrav\u00e9s da p\u00e1gina do Gabinete de A\u00e7\u00e3o e Di\u00e1logo Comunit\u00e1rio, pelo\u00a0<a href=\"https:\/\/www.pjf.mg.gov.br\/gabinetecomunitario\/#onde\"><strong>link<\/strong><\/a>.<\/p>\n<p>Todas as a\u00e7\u00f5es de reestrutura\u00e7\u00e3o, urbaniza\u00e7\u00e3o e zeladoria realizadas pela Empresa Municipal de Pavimenta\u00e7\u00e3o e Urbanidades (Empav) fazem parte do Programa Boniteza. Estes e outros servi\u00e7os podem ser solicitados atrav\u00e9s do Gabinete de A\u00e7\u00e3o e Di\u00e1logo Comunit\u00e1rio, que recebe e organiza pedidos relativos a interven\u00e7\u00f5es e melhorias urbanas. O contato pode ser feito por liga\u00e7\u00e3o telef\u00f4nica, pelo n\u00famero (32) 3690-7241 ou, ainda, via WhatsApp, utilizando o mesmo n\u00famero.<\/p>\n","protected":false},"excerpt":{"rendered":"<p>Segundo informa\u00e7\u00f5es do site da Prefeitura de Juiz de Fora (PJF),\u00a0 a PJF segue com as a\u00e7\u00f5es de melhoria na mobilidade urbana. Nesta semana, equipes estiveram nas ruas Afonso Garcia e Sebasti\u00e3o Garcia, no bairro Benfica, com servi\u00e7os de recomposi\u00e7\u00e3o asf\u00e1ltica. Os trabalhos de pavimenta\u00e7\u00e3o na Sebasti\u00e3o Garcia j\u00e1 foram conclu\u00eddos, proporcionando melhorias nos 126 [&hellip;]<\/p>\n","protected":false},"author":246,"featured_media":206444,"comment_status":"closed","ping_status":"closed","sticky":false,"template":"","format":"standard","meta":{"footnotes":""},"categories":[253,436,439],"tags":[],"class_list":["post-206443","post","type-post","status-publish","format-standard","has-post-thumbnail","hentry","category-cidade","category-destaque-da-semana","category-ultima-hora"],"_links":{"self":[{"href":"https:\/\/diarioregionaldigital.com.br\/index.php?rest_route=\/wp\/v2\/posts\/206443","targetHints":{"allow":["GET"]}}],"collection":[{"href":"https:\/\/diarioregionaldigital.com.br\/index.php?rest_route=\/wp\/v2\/posts"}],"about":[{"href":"https:\/\/diarioregionaldigital.com.br\/index.php?rest_route=\/wp\/v2\/types\/post"}],"author":[{"embeddable":true,"href":"https:\/\/diarioregionaldigital.com.br\/index.php?rest_route=\/wp\/v2\/users\/246"}],"replies":[{"embeddable":true,"href":"https:\/\/diarioregionaldigital.com.br\/index.php?rest_route=%2Fwp%2Fv2%2Fcomments&post=206443"}],"version-history":[{"count":1,"href":"https:\/\/diarioregionaldigital.com.br\/index.php?rest_route=\/wp\/v2\/posts\/206443\/revisions"}],"predecessor-version":[{"id":206445,"href":"https:\/\/diarioregionaldigital.com.br\/index.php?rest_route=\/wp\/v2\/posts\/206443\/revisions\/206445"}],"wp:featuredmedia":[{"embeddable":true,"href":"https:\/\/diarioregionaldigital.com.br\/index.php?rest_route=\/wp\/v2\/media\/206444"}],"wp:attachment":[{"href":"https:\/\/diarioregionaldigital.com.br\/index.php?rest_route=%2Fwp%2Fv2%2Fmedia&parent=206443"}],"wp:term":[{"taxonomy":"category","embeddable":true,"href":"https:\/\/diarioregionaldigital.com.br\/index.php?rest_route=%2Fwp%2Fv2%2Fcategories&post=206443"},{"taxonomy":"post_tag","embeddable":true,"href":"https:\/\/diarioregionaldigital.com.br\/index.php?rest_route=%2Fwp%2Fv2%2Ftags&post=206443"}],"curies":[{"name":"wp","href":"https:\/\/api.w.org\/{rel}","templated":true}]}}