{"id":206440,"date":"2022-11-09T21:22:13","date_gmt":"2022-11-10T00:22:13","guid":{"rendered":"https:\/\/diarioregionaldigital.com.br\/?p=206440"},"modified":"2022-11-09T21:22:13","modified_gmt":"2022-11-10T00:22:13","slug":"espetaculo-do-edital-quilombagens-destaca-memoria-e-sabedoria-ancestral-africana","status":"publish","type":"post","link":"https:\/\/diarioregionaldigital.com.br\/?p=206440","title":{"rendered":"Espet\u00e1culo do Edital \u201cQuilombagens\u201d destaca mem\u00f3ria e sabedoria ancestral africana"},"content":{"rendered":"<p>Segundo informa\u00e7\u00f5es do site da Prefeitura de Juiz de Fora (PJF), o\u00a0espet\u00e1culo \u201cV\u00f4 Jer\u00ea &#8211; Mem\u00f3rias de um Velho S\u00e1bio\u201d, escrito e encenado pelo ator Adelino Benedito, estreia no pr\u00f3ximo dia 16, quarta-feira, \u00e0s 20h30, no Teatro Paschoal Carlos Magno, localizado na Rua Gilberto de Alencar, atr\u00e1s da Igreja S\u00e3o Sebasti\u00e3o \u2013 Centro. A apresenta\u00e7\u00e3o tem entrada franca e \u00e9 parte da Agenda Novembro Negro.<\/p>\n<p>A montagem tem patroc\u00ednio do Edital Quilombagens, lan\u00e7ado pela Funda\u00e7\u00e3o Cultural Alfredo Ferreira Lage (Funalfa), como parte do Programa Cultural Murilo Mendes, mantido pela Prefeitura de Juiz de Fora (PJF).<\/p>\n<p>\u201cV\u00f4 Jer\u00ea\u201d \u00e9 livre para todos os p\u00fablicos e tem dura\u00e7\u00e3o m\u00e9dia de 50 minutos. Adelino interpreta Seu Jeremias, um neto de escravizados, que, aos 80 anos, conta ricas hist\u00f3rias sobre sua vida na cidade de Silveir\u00e2nia, no interior de Minas Gerais. Temas como culin\u00e1ria, plantas medicinais, parteiras e benzedeiras s\u00e3o pin\u00e7ados na mem\u00f3ria do personagem, que tamb\u00e9m fala da tradi\u00e7\u00e3o das folias de reis e congadas, al\u00e9m de contar curiosas hist\u00f3rias de assombra\u00e7\u00e3o. O espet\u00e1culo tem dire\u00e7\u00e3o de Maur\u00edcio Ribeiro.<\/p>\n<p>Adelino Benedito participou de projetos culturais, como \u201cCa\u00e7a ao Saci\u201d, no parque do Museu Mariano Proc\u00f3pio. Atuou nos espet\u00e1culos \u201cGang de Gatos\u201d (Dire\u00e7\u00e3o: Tadeu Santos), \u201cLove Songs &#8211; Musicais da Broadway\u201d (Dire\u00e7\u00e3o: F\u00e1bio de Melo), \u201cDom Quixote\u201d (Dire\u00e7\u00e3o: Ana Botafogo e Marcelo Misailidis), \u201cVel\u00f3rio pra Morrer de Rir\u201d (Dire\u00e7\u00e3o: Tadeu Santos), \u201cSer ou n\u00e3o ser\u201d (Dire\u00e7\u00e3o: Carlos Machado), \u201cO solit\u00e1rio Rei\u201d (Dire\u00e7\u00e3o: Marcus Marchiory) e \u201cTe\u00f3filo &#8211; Um sonho de Liberdade\u201d (Ator e autor). Participou dos\u00a0curtas-metragens \u201cTerminal\u201d (Dire\u00e7\u00e3o: Daniel Gravelli), \u201cVida Bandida\u201d, com Laura Proen\u00e7a Ricardo Petraglia e Luiza Brunet (Dire\u00e7\u00e3o: AurimarPrazeres), \u201cInstantes de um Lapso\u201d (Dire\u00e7\u00e3o: Daniel Gravelli), \u201cCharles Dimileto\u201d (Dire\u00e7\u00e3o: Henrique Vale) e \u201cDentadura Posti\u00e7a\u201d (Dire\u00e7\u00e3o: Daniel Mad\u00e3o). Na TV, destacou-se na segunda temporada da s\u00e9rie \u201cCarcereiros\u201d, da Rede Globo.<\/p>\n<p>As atividades do Novembro Negro podem ser conferidas nas redes sociais da Funalfa (@funalfacultura).<\/p>\n","protected":false},"excerpt":{"rendered":"<p>Segundo informa\u00e7\u00f5es do site da Prefeitura de Juiz de Fora (PJF), o\u00a0espet\u00e1culo \u201cV\u00f4 Jer\u00ea &#8211; Mem\u00f3rias de um Velho S\u00e1bio\u201d, escrito e encenado pelo ator Adelino Benedito, estreia no pr\u00f3ximo dia 16, quarta-feira, \u00e0s 20h30, no Teatro Paschoal Carlos Magno, localizado na Rua Gilberto de Alencar, atr\u00e1s da Igreja S\u00e3o Sebasti\u00e3o \u2013 Centro. A apresenta\u00e7\u00e3o [&hellip;]<\/p>\n","protected":false},"author":246,"featured_media":206441,"comment_status":"closed","ping_status":"closed","sticky":false,"template":"","format":"standard","meta":{"footnotes":""},"categories":[253,436,439],"tags":[],"class_list":["post-206440","post","type-post","status-publish","format-standard","has-post-thumbnail","hentry","category-cidade","category-destaque-da-semana","category-ultima-hora"],"_links":{"self":[{"href":"https:\/\/diarioregionaldigital.com.br\/index.php?rest_route=\/wp\/v2\/posts\/206440","targetHints":{"allow":["GET"]}}],"collection":[{"href":"https:\/\/diarioregionaldigital.com.br\/index.php?rest_route=\/wp\/v2\/posts"}],"about":[{"href":"https:\/\/diarioregionaldigital.com.br\/index.php?rest_route=\/wp\/v2\/types\/post"}],"author":[{"embeddable":true,"href":"https:\/\/diarioregionaldigital.com.br\/index.php?rest_route=\/wp\/v2\/users\/246"}],"replies":[{"embeddable":true,"href":"https:\/\/diarioregionaldigital.com.br\/index.php?rest_route=%2Fwp%2Fv2%2Fcomments&post=206440"}],"version-history":[{"count":1,"href":"https:\/\/diarioregionaldigital.com.br\/index.php?rest_route=\/wp\/v2\/posts\/206440\/revisions"}],"predecessor-version":[{"id":206442,"href":"https:\/\/diarioregionaldigital.com.br\/index.php?rest_route=\/wp\/v2\/posts\/206440\/revisions\/206442"}],"wp:featuredmedia":[{"embeddable":true,"href":"https:\/\/diarioregionaldigital.com.br\/index.php?rest_route=\/wp\/v2\/media\/206441"}],"wp:attachment":[{"href":"https:\/\/diarioregionaldigital.com.br\/index.php?rest_route=%2Fwp%2Fv2%2Fmedia&parent=206440"}],"wp:term":[{"taxonomy":"category","embeddable":true,"href":"https:\/\/diarioregionaldigital.com.br\/index.php?rest_route=%2Fwp%2Fv2%2Fcategories&post=206440"},{"taxonomy":"post_tag","embeddable":true,"href":"https:\/\/diarioregionaldigital.com.br\/index.php?rest_route=%2Fwp%2Fv2%2Ftags&post=206440"}],"curies":[{"name":"wp","href":"https:\/\/api.w.org\/{rel}","templated":true}]}}