{"id":206431,"date":"2022-11-09T21:15:04","date_gmt":"2022-11-10T00:15:04","guid":{"rendered":"https:\/\/diarioregionaldigital.com.br\/?p=206431"},"modified":"2022-11-09T21:15:04","modified_gmt":"2022-11-10T00:15:04","slug":"brasil-inicia-mundial-de-judo-paralimpico-com-duas-medalhas","status":"publish","type":"post","link":"https:\/\/diarioregionaldigital.com.br\/?p=206431","title":{"rendered":"Brasil inicia Mundial de Jud\u00f4 Paral\u00edmpico com duas medalhas"},"content":{"rendered":"<p>O Brasil teve um bom in\u00edcio no Campeonato Mundial de Jud\u00f4 Paral\u00edmpico, que est\u00e1 sendo realizado em Baku (Azerbaij\u00e3o), pois conquistou uma prata, com Thiego Marques, e um bronze, com Rosi Andrade, nesta ter\u00e7a-feira (8).<img decoding=\"async\" src=\"https:\/\/agenciabrasil.ebc.com.br\/ebc.png?id=1492895&amp;o=node\" \/><img decoding=\"async\" src=\"https:\/\/agenciabrasil.ebc.com.br\/ebc.gif?id=1492895&amp;o=node\" \/><\/p>\n<p>Segundo o paraense de 23 anos, a medalha alcan\u00e7ada na categoria at\u00e9 60 kg para atletas J2 (de baixa vis\u00e3o) tem um valor especial: \u201cEssa medalha de prata tem gosto de ouro. Ela reflete diversos dias de treinamento \u00e1rduos, longe dos amigos, abdicando de muita coisa. E mostra que estamos no caminho certo. Cheguei aqui como l\u00edder do ranking e, gra\u00e7as \u00e0 pontua\u00e7\u00e3o obtida, sairei ainda como l\u00edder. \u00c9 um salto muito importante para Paris [Jogos Paral\u00edmpicos]\u201d.<\/p>\n<p>A potiguar de 25 anos tamb\u00e9m expressou sua alegria pela conquista na categoria at\u00e9 48 kg para atletas J1 (cegos totais): \u201cEstou muito, muito feliz. Mostra que tudo valeu a pena. Viemos de longe, deixamos fam\u00edlia, tudo, por um sonho. E, quando conseguimos atingir nossos objetivos, \u00e9 muito gratificante. Meu primeiro Mundial e j\u00e1 sair com esse resultado est\u00e1 sendo mais que incr\u00edvel\u201d.<\/p>\n<p>O Brasil continua a disputar medalhas na pr\u00f3xima quarta-feira (8), com Alana Maldonado (categoria at\u00e9 70 kg na J2), Ant\u00f4nio Ten\u00f3rio (at\u00e9 90 kg na J1), Brenda Freitas (at\u00e9 70 kg na J1), Rebeca Silva (acima de 70 kg na J2), Arthur Silva (at\u00e9 90 kg na J1) e Wilians Ara\u00fajo (acima de 90 kg na J1).<\/p>\n<p><span style=\"font-weight: 400;\">Fonte: Ag\u00eancia Brasil <\/span><\/p>\n","protected":false},"excerpt":{"rendered":"<p>O Brasil teve um bom in\u00edcio no Campeonato Mundial de Jud\u00f4 Paral\u00edmpico, que est\u00e1 sendo realizado em Baku (Azerbaij\u00e3o), pois conquistou uma prata, com Thiego Marques, e um bronze, com Rosi Andrade, nesta ter\u00e7a-feira (8). Segundo o paraense de 23 anos, a medalha alcan\u00e7ada na categoria at\u00e9 60 kg para atletas J2 (de baixa vis\u00e3o) [&hellip;]<\/p>\n","protected":false},"author":246,"featured_media":206432,"comment_status":"closed","ping_status":"closed","sticky":false,"template":"","format":"standard","meta":{"footnotes":""},"categories":[436,257,439],"tags":[],"class_list":["post-206431","post","type-post","status-publish","format-standard","has-post-thumbnail","hentry","category-destaque-da-semana","category-esporte","category-ultima-hora"],"_links":{"self":[{"href":"https:\/\/diarioregionaldigital.com.br\/index.php?rest_route=\/wp\/v2\/posts\/206431","targetHints":{"allow":["GET"]}}],"collection":[{"href":"https:\/\/diarioregionaldigital.com.br\/index.php?rest_route=\/wp\/v2\/posts"}],"about":[{"href":"https:\/\/diarioregionaldigital.com.br\/index.php?rest_route=\/wp\/v2\/types\/post"}],"author":[{"embeddable":true,"href":"https:\/\/diarioregionaldigital.com.br\/index.php?rest_route=\/wp\/v2\/users\/246"}],"replies":[{"embeddable":true,"href":"https:\/\/diarioregionaldigital.com.br\/index.php?rest_route=%2Fwp%2Fv2%2Fcomments&post=206431"}],"version-history":[{"count":1,"href":"https:\/\/diarioregionaldigital.com.br\/index.php?rest_route=\/wp\/v2\/posts\/206431\/revisions"}],"predecessor-version":[{"id":206433,"href":"https:\/\/diarioregionaldigital.com.br\/index.php?rest_route=\/wp\/v2\/posts\/206431\/revisions\/206433"}],"wp:featuredmedia":[{"embeddable":true,"href":"https:\/\/diarioregionaldigital.com.br\/index.php?rest_route=\/wp\/v2\/media\/206432"}],"wp:attachment":[{"href":"https:\/\/diarioregionaldigital.com.br\/index.php?rest_route=%2Fwp%2Fv2%2Fmedia&parent=206431"}],"wp:term":[{"taxonomy":"category","embeddable":true,"href":"https:\/\/diarioregionaldigital.com.br\/index.php?rest_route=%2Fwp%2Fv2%2Fcategories&post=206431"},{"taxonomy":"post_tag","embeddable":true,"href":"https:\/\/diarioregionaldigital.com.br\/index.php?rest_route=%2Fwp%2Fv2%2Ftags&post=206431"}],"curies":[{"name":"wp","href":"https:\/\/api.w.org\/{rel}","templated":true}]}}