{"id":206355,"date":"2022-11-08T16:31:27","date_gmt":"2022-11-08T19:31:27","guid":{"rendered":"https:\/\/diarioregionaldigital.com.br\/?p=206355"},"modified":"2022-11-08T16:31:27","modified_gmt":"2022-11-08T19:31:27","slug":"pt-formaliza-convite-para-que-mdb-integre-equipe-de-transicao","status":"publish","type":"post","link":"https:\/\/diarioregionaldigital.com.br\/?p=206355","title":{"rendered":"PT formaliza convite para que MDB integre equipe de transi\u00e7\u00e3o"},"content":{"rendered":"<p>A presidente do PT, Gleisi Hoffmann, formalizou nesta ter\u00e7a-feira (8) o convite para que o MDB componha o conselho pol\u00edtico do governo de transi\u00e7\u00e3o do presidente eleito Luiz In\u00e1cio Lula da Silva. Ap\u00f3s reuni\u00e3o com o presidente da sigla,\u00a0deputado Baleia Rossi (SP), na C\u00e2mara dos Deputados, Gleisi agradeceu o apoio da legenda \u00e0 campanha de Lula, especialmente da senadora Simone Tebet pelo envolvimento no segundo turno.<img decoding=\"async\" src=\"https:\/\/agenciabrasil.ebc.com.br\/ebc.png?id=1492791&amp;o=node\" \/><img decoding=\"async\" src=\"https:\/\/agenciabrasil.ebc.com.br\/ebc.gif?id=1492791&amp;o=node\" \/><\/p>\n<p>Em resposta ao convite, Rossi disse apenas que o tema ser\u00e1 discutido com l\u00edderes do partido, mas sinalizou que h\u00e1, entre os emedebistas, um &#8220;esp\u00edrito colaborativo para isso\u201d.<\/p>\n<p>&#8220;Fiz algumas pondera\u00e7\u00f5es \u00e0 presidente Gleisi, principalmente em rela\u00e7\u00e3o a algumas pautas que s\u00e3o caras ao MDB com a reforma tribut\u00e1ria, que \u00e9 um dos assuntos que nos debru\u00e7amos nos \u00faltimos tr\u00eas anos\u201d, disse Rossi, em coletiva hoje pela manh\u00e3.<\/p>\n<p>O deputado destacou que h\u00e1 o que chamou de &#8220;relat\u00f3rio avan\u00e7ado\u201d. \u201cPode haver mudan\u00e7as, mas \u00e9 uma pauta que conversa com a sociedade\u201d, complementou. Outra pauta importante para o MDB \u00e9 o Pacto Federativo. \u201cTemos uma preocupa\u00e7\u00e3o com estados e munic\u00edpios que, por v\u00e1rias medidas\u00a0que foram tomadas, est\u00e3o sofrendo com falta de recursos\u201d, sinalizou, acrescentando que uma defini\u00e7\u00e3o sobre a decis\u00e3o do partido ser\u00e1 tomada at\u00e9 amanh\u00e3 (9).<\/p>\n<p>Al\u00e9m do MDB, desde o resultado das elei\u00e7\u00f5es, o PT tamb\u00e9m iniciou conversas com outros partidos de centro, como o PSD e o Uni\u00e3o Brasil.<\/p>\n<h2>Grupos<\/h2>\n<p>Com a estrutura que foi colocada \u00e0 disposi\u00e7\u00e3o do governo de\u00a0transi\u00e7\u00e3o no Centro Cultural Banco do Brasil (CCBB), em Bras\u00edlia, em fase final, Gleisi disse que esta semana come\u00e7ar\u00e1 o trabalho propriamente dito e que espera que o fluxo de informa\u00e7\u00f5es entre o governo atual e o futuro seja tranquilo a bem do pa\u00eds.<\/p>\n<p>Outra informa\u00e7\u00e3o dada por Hoffmann \u00e9 que\u00a0pelo menos\u00a032 equipes v\u00e3o trabalhar em grupos setoriais a partir desta semana. Sobre especula\u00e7\u00f5es sobre quem estar\u00e1 na equipe ministerial do futuro presidente da Rep\u00fablica, a petista lembrou uma fala de Lula em que ele afirmou que n\u00e3o necessariamente quem estar\u00e1 na transi\u00e7\u00e3o pode ser interpretado como ministeri\u00e1vel.<\/p>\n<p>Na noite desta ter\u00e7a-feira, Lula desembarca em Bras\u00edlia e, amanh\u00e3, j\u00e1 tem agendada uma s\u00e9rie de reuni\u00f5es. Ele deve se encontrar com os presidentes da C\u00e2mara e do Senado, Arthur Lira (PP-AL)\u00a0e Rodrigo Pacheco (PSD \u2013 MG), respectivamente, al\u00e9m dos presidentes do Tribunal Superior Eleitoral (TSE), Alexandre de Moraes, e do Supremo Tribunal Federal (STF), ministra Rosa Weber.<\/p>\n<p><span style=\"font-weight: 400;\">Fonte: Ag\u00eancia Brasil <\/span><\/p>\n","protected":false},"excerpt":{"rendered":"<p>A presidente do PT, Gleisi Hoffmann, formalizou nesta ter\u00e7a-feira (8) o convite para que o MDB componha o conselho pol\u00edtico do governo de transi\u00e7\u00e3o do presidente eleito Luiz In\u00e1cio Lula da Silva. Ap\u00f3s reuni\u00e3o com o presidente da sigla,\u00a0deputado Baleia Rossi (SP), na C\u00e2mara dos Deputados, Gleisi agradeceu o apoio da legenda \u00e0 campanha de [&hellip;]<\/p>\n","protected":false},"author":246,"featured_media":206356,"comment_status":"closed","ping_status":"closed","sticky":false,"template":"","format":"standard","meta":{"footnotes":""},"categories":[436,254,439],"tags":[],"class_list":["post-206355","post","type-post","status-publish","format-standard","has-post-thumbnail","hentry","category-destaque-da-semana","category-politica","category-ultima-hora"],"_links":{"self":[{"href":"https:\/\/diarioregionaldigital.com.br\/index.php?rest_route=\/wp\/v2\/posts\/206355","targetHints":{"allow":["GET"]}}],"collection":[{"href":"https:\/\/diarioregionaldigital.com.br\/index.php?rest_route=\/wp\/v2\/posts"}],"about":[{"href":"https:\/\/diarioregionaldigital.com.br\/index.php?rest_route=\/wp\/v2\/types\/post"}],"author":[{"embeddable":true,"href":"https:\/\/diarioregionaldigital.com.br\/index.php?rest_route=\/wp\/v2\/users\/246"}],"replies":[{"embeddable":true,"href":"https:\/\/diarioregionaldigital.com.br\/index.php?rest_route=%2Fwp%2Fv2%2Fcomments&post=206355"}],"version-history":[{"count":1,"href":"https:\/\/diarioregionaldigital.com.br\/index.php?rest_route=\/wp\/v2\/posts\/206355\/revisions"}],"predecessor-version":[{"id":206357,"href":"https:\/\/diarioregionaldigital.com.br\/index.php?rest_route=\/wp\/v2\/posts\/206355\/revisions\/206357"}],"wp:featuredmedia":[{"embeddable":true,"href":"https:\/\/diarioregionaldigital.com.br\/index.php?rest_route=\/wp\/v2\/media\/206356"}],"wp:attachment":[{"href":"https:\/\/diarioregionaldigital.com.br\/index.php?rest_route=%2Fwp%2Fv2%2Fmedia&parent=206355"}],"wp:term":[{"taxonomy":"category","embeddable":true,"href":"https:\/\/diarioregionaldigital.com.br\/index.php?rest_route=%2Fwp%2Fv2%2Fcategories&post=206355"},{"taxonomy":"post_tag","embeddable":true,"href":"https:\/\/diarioregionaldigital.com.br\/index.php?rest_route=%2Fwp%2Fv2%2Ftags&post=206355"}],"curies":[{"name":"wp","href":"https:\/\/api.w.org\/{rel}","templated":true}]}}