{"id":206343,"date":"2022-11-08T16:10:33","date_gmt":"2022-11-08T19:10:33","guid":{"rendered":"https:\/\/diarioregionaldigital.com.br\/?p=206343"},"modified":"2022-11-08T16:10:33","modified_gmt":"2022-11-08T19:10:33","slug":"precos-de-alugueis-sobem-010-em-outubro","status":"publish","type":"post","link":"https:\/\/diarioregionaldigital.com.br\/?p=206343","title":{"rendered":"Pre\u00e7os de alugu\u00e9is sobem 0,10% em outubro"},"content":{"rendered":"<p>O\u00a0\u00cdndice de Varia\u00e7\u00e3o de Alugu\u00e9is Residenciais (Ivar)<strong>\u00a0<\/strong>teve infla\u00e7\u00e3o de 0,10% em outubro deste ano. Em setembro, o indicador havia tido defla\u00e7\u00e3o (queda de pre\u00e7os) de 0,02%, segundo a Funda\u00e7\u00e3o Getulio Vargas (FGV).<img decoding=\"async\" src=\"https:\/\/agenciabrasil.ebc.com.br\/ebc.png?id=1492734&amp;o=node\" \/><img decoding=\"async\" src=\"https:\/\/agenciabrasil.ebc.com.br\/ebc.gif?id=1492734&amp;o=node\" \/><\/p>\n<p>Com o resultado, a taxa acumulada em 12 meses passou de 11,37% em setembro para 11,56% em outubro.\u00a0O \u00edndice \u00e9 calculado pela FGV com base na varia\u00e7\u00e3o dos pre\u00e7os cobrados por alugu\u00e9is em quatro cidades: S\u00e3o Paulo, Rio<span id=\"OBJ_PREFIX_DWT237_com_zimbra_date\" role=\"link\">\u00a0de Janeiro<\/span>, Porto Alegre e Belo Horizonte.<\/p>\n<p>Em S\u00e3o Paulo, houve o maior recuo mensal do Ivar, ao passar de -0,18% em setembro para -0,69% em outubro. No Rio<span id=\"OBJ_PREFIX_DWT238_com_zimbra_date\" role=\"link\">\u00a0de Janeiro<\/span>, tamb\u00e9m houve recuo, mas o \u00edndice continuou tendo infla\u00e7\u00e3o porque passou de 0,77% para 0,04%.<\/p>\n<p>Nas outras duas cidades, o Ivar aumentou<span id=\"OBJ_PREFIX_DWT239_com_zimbra_date\" role=\"link\">\u00a0de setembro<\/span>\u00a0para outubro. Em Porto Alegre, foi de -0,37% para 1,10%. J\u00e1 em Belo Horizonte, o indicador subiu de 0,26% para 0,86% no per\u00edodo.<\/p>\n<p><span style=\"font-weight: 400;\"><br \/>\n<\/span><span style=\"font-weight: 400;\">Fonte: Ag\u00eancia Brasil <\/span><\/p>\n","protected":false},"excerpt":{"rendered":"<p>O\u00a0\u00cdndice de Varia\u00e7\u00e3o de Alugu\u00e9is Residenciais (Ivar)\u00a0teve infla\u00e7\u00e3o de 0,10% em outubro deste ano. Em setembro, o indicador havia tido defla\u00e7\u00e3o (queda de pre\u00e7os) de 0,02%, segundo a Funda\u00e7\u00e3o Getulio Vargas (FGV). Com o resultado, a taxa acumulada em 12 meses passou de 11,37% em setembro para 11,56% em outubro.\u00a0O \u00edndice \u00e9 calculado pela FGV [&hellip;]<\/p>\n","protected":false},"author":246,"featured_media":206344,"comment_status":"closed","ping_status":"closed","sticky":false,"template":"","format":"standard","meta":{"footnotes":""},"categories":[436,261,439],"tags":[],"class_list":["post-206343","post","type-post","status-publish","format-standard","has-post-thumbnail","hentry","category-destaque-da-semana","category-economia","category-ultima-hora"],"_links":{"self":[{"href":"https:\/\/diarioregionaldigital.com.br\/index.php?rest_route=\/wp\/v2\/posts\/206343","targetHints":{"allow":["GET"]}}],"collection":[{"href":"https:\/\/diarioregionaldigital.com.br\/index.php?rest_route=\/wp\/v2\/posts"}],"about":[{"href":"https:\/\/diarioregionaldigital.com.br\/index.php?rest_route=\/wp\/v2\/types\/post"}],"author":[{"embeddable":true,"href":"https:\/\/diarioregionaldigital.com.br\/index.php?rest_route=\/wp\/v2\/users\/246"}],"replies":[{"embeddable":true,"href":"https:\/\/diarioregionaldigital.com.br\/index.php?rest_route=%2Fwp%2Fv2%2Fcomments&post=206343"}],"version-history":[{"count":1,"href":"https:\/\/diarioregionaldigital.com.br\/index.php?rest_route=\/wp\/v2\/posts\/206343\/revisions"}],"predecessor-version":[{"id":206345,"href":"https:\/\/diarioregionaldigital.com.br\/index.php?rest_route=\/wp\/v2\/posts\/206343\/revisions\/206345"}],"wp:featuredmedia":[{"embeddable":true,"href":"https:\/\/diarioregionaldigital.com.br\/index.php?rest_route=\/wp\/v2\/media\/206344"}],"wp:attachment":[{"href":"https:\/\/diarioregionaldigital.com.br\/index.php?rest_route=%2Fwp%2Fv2%2Fmedia&parent=206343"}],"wp:term":[{"taxonomy":"category","embeddable":true,"href":"https:\/\/diarioregionaldigital.com.br\/index.php?rest_route=%2Fwp%2Fv2%2Fcategories&post=206343"},{"taxonomy":"post_tag","embeddable":true,"href":"https:\/\/diarioregionaldigital.com.br\/index.php?rest_route=%2Fwp%2Fv2%2Ftags&post=206343"}],"curies":[{"name":"wp","href":"https:\/\/api.w.org\/{rel}","templated":true}]}}