{"id":206327,"date":"2022-11-07T20:37:29","date_gmt":"2022-11-07T23:37:29","guid":{"rendered":"https:\/\/diarioregionaldigital.com.br\/?p=206327"},"modified":"2022-11-07T20:37:29","modified_gmt":"2022-11-07T23:37:29","slug":"programa-boniteza-atua-no-mirante-sao-bernardo-e-em-outras-areas-da-cidade","status":"publish","type":"post","link":"https:\/\/diarioregionaldigital.com.br\/?p=206327","title":{"rendered":"Programa Boniteza atua no Mirante S\u00e3o Bernardo e em outras \u00e1reas da cidade"},"content":{"rendered":"<p>Segundo informa\u00e7\u00f5es do site da Prefeitura de Juiz de Fora (PJF), a PJF segue realizando a\u00e7\u00f5es de zeladoria pela cidade. Nesta segunda-feira, 7, equipes do Departamento Municipal de Limpeza Urbana (Demlurb) atuaram com o Programa Boniteza no Mirante S\u00e3o Bernardo, localizado \u00e0 Rua Avelino Debortoli, no bairro hom\u00f4nimo, com servi\u00e7os de capina e recolhimento de res\u00edduos. Outras ruas do bairro contaram com servi\u00e7o de limpeza realizado por equipes da varri\u00e7\u00e3o.<\/p>\n<p>Ainda nesta segunda-feira, foram realizadas a\u00e7\u00f5es de capina nas avenidas Juiz de Fora, no bairro Grama; Juscelino Kubitschek, nos bairros J\u00f3quei Clube e Nova Era; Bar\u00e3o do Rio Branco, no trevo do bairro Bom Pastor e pr\u00f3ximo \u00e0 Avenida Itamar Franco; na Rua Liduino Vieira dos Reis, no bairro Aeroporto, e na Rua S\u00e3o Paulo e adjac\u00eancias, no bairro Grama.<\/p>\n<p>As margens do Rio Paraibuna, na regi\u00e3o Central, seguem recebendo a\u00e7\u00f5es como ro\u00e7ada, capina e recolhimento de res\u00edduos, bem como as margens dos c\u00f3rregos Ipiranga, no bairro Sagrado Cora\u00e7\u00e3o de Jesus, e Yung, no bairro Linhares.<\/p>\n<p>Tamb\u00e9m foi feito recolhimento de res\u00edduos provenientes de bota-fora em um terreno abaixo do viaduto Renato Jos\u00e9 Abramo, no bairro Po\u00e7o Rico, e equipes de varri\u00e7\u00e3o atuaram nos bairros Benfica, Nova Era, Jardim do Sol, na Avenida Sete de Setembro, no bairro Costa Carvalho, no Viaduto Arquiteto Helio F\u00e1del Ara\u00fajo e na Travessa Nativa Gripp Pereira, no Centro.<\/p>\n<p>Pedidos de limpeza de vias, bem como de c\u00f3rregos, ro\u00e7ada, capina e demais servi\u00e7os relativos a interven\u00e7\u00f5es e melhorias urbanas, podem ser feitos pelo Gabinete de A\u00e7\u00e3o e Di\u00e1logo Comunit\u00e1rio, que atende demandas urbanas da popula\u00e7\u00e3o atrav\u00e9s do n\u00famero (32) 3690-7241 via telefone ou WhatsApp. A programa\u00e7\u00e3o dos servi\u00e7os de zeladoria \u00e9 divulgada diariamente\u00a0<a href=\"https:\/\/www.pjf.mg.gov.br\/gabinetecomunitario\/\"><strong>no site da PJF<\/strong><\/a><strong>.<\/strong><\/p>\n<p>As solicita\u00e7\u00f5es de recolhimento de m\u00f3veis e eletrodom\u00e9sticos, destinados \u00e0 doa\u00e7\u00e3o atrav\u00e9s do programa \u201cDa Minha Casa Para Sua Casa\u201d, dever\u00e3o ser feitas pelos telefones (32) 3690-3500 ou 98466-6763.<\/p>\n","protected":false},"excerpt":{"rendered":"<p>Segundo informa\u00e7\u00f5es do site da Prefeitura de Juiz de Fora (PJF), a PJF segue realizando a\u00e7\u00f5es de zeladoria pela cidade. Nesta segunda-feira, 7, equipes do Departamento Municipal de Limpeza Urbana (Demlurb) atuaram com o Programa Boniteza no Mirante S\u00e3o Bernardo, localizado \u00e0 Rua Avelino Debortoli, no bairro hom\u00f4nimo, com servi\u00e7os de capina e recolhimento de [&hellip;]<\/p>\n","protected":false},"author":246,"featured_media":206328,"comment_status":"closed","ping_status":"closed","sticky":false,"template":"","format":"standard","meta":{"footnotes":""},"categories":[253,436,439],"tags":[],"class_list":["post-206327","post","type-post","status-publish","format-standard","has-post-thumbnail","hentry","category-cidade","category-destaque-da-semana","category-ultima-hora"],"_links":{"self":[{"href":"https:\/\/diarioregionaldigital.com.br\/index.php?rest_route=\/wp\/v2\/posts\/206327","targetHints":{"allow":["GET"]}}],"collection":[{"href":"https:\/\/diarioregionaldigital.com.br\/index.php?rest_route=\/wp\/v2\/posts"}],"about":[{"href":"https:\/\/diarioregionaldigital.com.br\/index.php?rest_route=\/wp\/v2\/types\/post"}],"author":[{"embeddable":true,"href":"https:\/\/diarioregionaldigital.com.br\/index.php?rest_route=\/wp\/v2\/users\/246"}],"replies":[{"embeddable":true,"href":"https:\/\/diarioregionaldigital.com.br\/index.php?rest_route=%2Fwp%2Fv2%2Fcomments&post=206327"}],"version-history":[{"count":1,"href":"https:\/\/diarioregionaldigital.com.br\/index.php?rest_route=\/wp\/v2\/posts\/206327\/revisions"}],"predecessor-version":[{"id":206329,"href":"https:\/\/diarioregionaldigital.com.br\/index.php?rest_route=\/wp\/v2\/posts\/206327\/revisions\/206329"}],"wp:featuredmedia":[{"embeddable":true,"href":"https:\/\/diarioregionaldigital.com.br\/index.php?rest_route=\/wp\/v2\/media\/206328"}],"wp:attachment":[{"href":"https:\/\/diarioregionaldigital.com.br\/index.php?rest_route=%2Fwp%2Fv2%2Fmedia&parent=206327"}],"wp:term":[{"taxonomy":"category","embeddable":true,"href":"https:\/\/diarioregionaldigital.com.br\/index.php?rest_route=%2Fwp%2Fv2%2Fcategories&post=206327"},{"taxonomy":"post_tag","embeddable":true,"href":"https:\/\/diarioregionaldigital.com.br\/index.php?rest_route=%2Fwp%2Fv2%2Ftags&post=206327"}],"curies":[{"name":"wp","href":"https:\/\/api.w.org\/{rel}","templated":true}]}}