{"id":206320,"date":"2022-11-07T20:33:06","date_gmt":"2022-11-07T23:33:06","guid":{"rendered":"https:\/\/diarioregionaldigital.com.br\/?p=206320"},"modified":"2022-11-07T20:33:28","modified_gmt":"2022-11-07T23:33:28","slug":"parque-municipal-oferece-visitas-guiadas-tematicas-durante-os-finais-de-semana-de-novembro","status":"publish","type":"post","link":"https:\/\/diarioregionaldigital.com.br\/?p=206320","title":{"rendered":"Parque Municipal oferece Visitas Guiadas Tem\u00e1ticas durante os finais de semana de novembro"},"content":{"rendered":"<p>Segundo informa\u00e7\u00f5es do site da Prefeitura de Juiz de Fora (PJF), as Visitas Guiadas do Parque Municipal s\u00e3o um dos maiores atrativos do local, levando aos visitantes lazer e conhecimento sobre a natureza. Durante o m\u00eas de novembro, aos finais de semana, as visitas ser\u00e3o tem\u00e1ticas. Foram escolhidas datas comemorativas que se relacionam com o parque para as visitas: Dia da Cultura e da Ci\u00eancia, Dia Mundial da Liberdade, Dia Internacional dos Estudantes, Dia Nacional da Consci\u00eancia Negra e Dia Nacional da On\u00e7a-Pintada.<\/p>\n<p>No primeiro final de semana do m\u00eas, o tema foi Cultura e da Ci\u00eancia, em lembran\u00e7a \u00e0 data\u00a0 comemorada no dia 5, em que foram abordados a cultura e ci\u00eancia como elementos pertencentes ao Parque Municipal e como o local impacta nessas quest\u00f5es.<\/p>\n<p><strong>Programa\u00e7\u00e3o para os pr\u00f3ximos finais de semana<br \/>\n<\/strong><br \/>\nEm comemora\u00e7\u00e3o ao Dia Mundial da Liberdade, com data nesta quarta-feira, 9, a Visita Guiada dos dias 12 e 13 tratar\u00e1 do tema Liberdade durante as duas visitas espont\u00e2neas de 11h e 15h. Na visita, os visitantes ter\u00e3o a oportunidade de fazer uma atividade de lazer ao ar livre, aproveitando os espa\u00e7os de natureza ofertados pelo Parque Municipal de Juiz de Fora.<\/p>\n<p>Nos dias 19 e 20, o tema ser\u00e1 Dia Internacional dos Estudantes e Dia Nacional da Consci\u00eancia Negra, datas que s\u00e3o comemoradas nos pr\u00f3ximos dias 17 e 20, respectivamente. O objetivo \u00e9 expor a contribui\u00e7\u00e3o dos estudantes para as visitas, tanto os estagi\u00e1rios quanto os alunos que o Parque Municipal recebe para as visitas agendadas. No domingo, dia 20, Dia da Consci\u00eancia Negra, ser\u00e3o abordados temas hist\u00f3ricos sobre o porqu\u00ea desta data t\u00e3o importante no calend\u00e1rio nacional.<\/p>\n<p>E no \u00faltimo final de semana do m\u00eas, nos dias 26 e 27, o tema ser\u00e1 um dos maiores patrim\u00f4nios culturais do nosso pa\u00eds, a On\u00e7a-Pintada. O dia da On\u00e7a-Pintada \u00e9 comemorado no dia 29, sendo o maior felino das Am\u00e9ricas, topo da cadeia alimentar e s\u00edmbolo da conserva\u00e7\u00e3o da biodiversidade brasileira. Nesta visita ser\u00e3o abordadas hist\u00f3rias de aparecimento de on\u00e7as em Juiz de Fora e tamb\u00e9m da import\u00e2ncia do animal para a natureza.<br \/>\nAs Visitas Guiadas acontecem aos s\u00e1bados, domingos e feriados, \u00e0s 11h e 15h, com encontro na pra\u00e7a central. Todas as visitas ser\u00e3o guiadas por turism\u00f3logos e estagi\u00e1rios de Turismo.<\/p>\n<p>O Parque Municipal est\u00e1 localizado na Rua do Contorno 8, no bairro Nova Calif\u00f3rnia, e funciona das 8h \u00e0s 17h, permitindo a entrada de visitantes at\u00e9 \u00e0s 16h. Para quem precisa do transporte p\u00fablico, as linhas que atendem o Parque s\u00e3o 520 (Aeroporto), 531 (Nova Calif\u00f3rnia) e 537 (Jardim da Serra), todos descritos no letreiro com \u201cVia Parque Municipal\u201d.<\/p>\n<p><strong>Outras Informa\u00e7\u00f5es:<br \/>\n<\/strong><br \/>\n(32) 3241-6532<\/p>\n<p>Instagram: @parquemunicipaljf<\/p>\n","protected":false},"excerpt":{"rendered":"<p>Segundo informa\u00e7\u00f5es do site da Prefeitura de Juiz de Fora (PJF), as Visitas Guiadas do Parque Municipal s\u00e3o um dos maiores atrativos do local, levando aos visitantes lazer e conhecimento sobre a natureza. Durante o m\u00eas de novembro, aos finais de semana, as visitas ser\u00e3o tem\u00e1ticas. Foram escolhidas datas comemorativas que se relacionam com o [&hellip;]<\/p>\n","protected":false},"author":246,"featured_media":206321,"comment_status":"closed","ping_status":"closed","sticky":false,"template":"","format":"standard","meta":{"footnotes":""},"categories":[253,436,439],"tags":[],"class_list":["post-206320","post","type-post","status-publish","format-standard","has-post-thumbnail","hentry","category-cidade","category-destaque-da-semana","category-ultima-hora"],"_links":{"self":[{"href":"https:\/\/diarioregionaldigital.com.br\/index.php?rest_route=\/wp\/v2\/posts\/206320","targetHints":{"allow":["GET"]}}],"collection":[{"href":"https:\/\/diarioregionaldigital.com.br\/index.php?rest_route=\/wp\/v2\/posts"}],"about":[{"href":"https:\/\/diarioregionaldigital.com.br\/index.php?rest_route=\/wp\/v2\/types\/post"}],"author":[{"embeddable":true,"href":"https:\/\/diarioregionaldigital.com.br\/index.php?rest_route=\/wp\/v2\/users\/246"}],"replies":[{"embeddable":true,"href":"https:\/\/diarioregionaldigital.com.br\/index.php?rest_route=%2Fwp%2Fv2%2Fcomments&post=206320"}],"version-history":[{"count":2,"href":"https:\/\/diarioregionaldigital.com.br\/index.php?rest_route=\/wp\/v2\/posts\/206320\/revisions"}],"predecessor-version":[{"id":206323,"href":"https:\/\/diarioregionaldigital.com.br\/index.php?rest_route=\/wp\/v2\/posts\/206320\/revisions\/206323"}],"wp:featuredmedia":[{"embeddable":true,"href":"https:\/\/diarioregionaldigital.com.br\/index.php?rest_route=\/wp\/v2\/media\/206321"}],"wp:attachment":[{"href":"https:\/\/diarioregionaldigital.com.br\/index.php?rest_route=%2Fwp%2Fv2%2Fmedia&parent=206320"}],"wp:term":[{"taxonomy":"category","embeddable":true,"href":"https:\/\/diarioregionaldigital.com.br\/index.php?rest_route=%2Fwp%2Fv2%2Fcategories&post=206320"},{"taxonomy":"post_tag","embeddable":true,"href":"https:\/\/diarioregionaldigital.com.br\/index.php?rest_route=%2Fwp%2Fv2%2Ftags&post=206320"}],"curies":[{"name":"wp","href":"https:\/\/api.w.org\/{rel}","templated":true}]}}