{"id":206314,"date":"2022-11-07T20:25:24","date_gmt":"2022-11-07T23:25:24","guid":{"rendered":"https:\/\/diarioregionaldigital.com.br\/?p=206314"},"modified":"2022-11-07T20:25:24","modified_gmt":"2022-11-07T23:25:24","slug":"jogadores-expressam-alegria-por-convocacao-para-a-copa","status":"publish","type":"post","link":"https:\/\/diarioregionaldigital.com.br\/?p=206314","title":{"rendered":"Jogadores expressam alegria por convoca\u00e7\u00e3o para a Copa"},"content":{"rendered":"<p>Logo ap\u00f3s o t\u00e9cnico Tite anunciar a rela\u00e7\u00e3o de 26 jogadores escolhidos para representar o Brasil na Copa do Mundo do Catar, nesta segunda-feira (7), no audit\u00f3rio da Confedera\u00e7\u00e3o Brasileira de Futebol (CBF), na Barra da Tijuca, os atletas chamados se pronunciaram em seus perfis nas redes sociais.<img decoding=\"async\" src=\"https:\/\/agenciabrasil.ebc.com.br\/ebc.png?id=1492626&amp;o=node\" \/><img decoding=\"async\" src=\"https:\/\/agenciabrasil.ebc.com.br\/ebc.gif?id=1492626&amp;o=node\" \/><\/p>\n<p>O atacante Vin\u00edcius J\u00fanior, do Real Madrid (Espanha), afirmou, em postagem no Twitter, que sonha com a conquista do t\u00edtulo: \u201cE j\u00e1 come\u00e7amos a sentir o clima da Copa! Que momento maravilhoso! Vamos juntos em busca do hexa e da alegria pro nosso povo\u201d.<\/p>\n<p>J\u00e1 o meio-campista Bruno Guimar\u00e3es, do Newcastle (Inglaterra), declarou que a convoca\u00e7\u00e3o para uma edi\u00e7\u00e3o do Mundial \u00e9 a realiza\u00e7\u00e3o de um sonho: \u201cSonho de inf\u00e2ncia que se torna realidade! A gl\u00f3ria \u00e9 de Deus! Miss\u00e3o Copa do Mundo\u201d.<\/p>\n<p>Quem tamb\u00e9m se pronunciou foi o zagueiro Marquinhos, do PSG (Fran\u00e7a): \u201cChegou a hora, partiu Qatar\u201d.<\/p>\n<p>O atacante Antony, do Manchester United (Inglaterra), expressou o orgulho de representar a sele\u00e7\u00e3o brasileira pela primeira vez em uma edi\u00e7\u00e3o da Copa do Mundo: \u201cDe Osasco para o Qatar! Uma vida constru\u00edda por esse sonho! Vamos em busca do Hexa! Orgulho de representar o meu pa\u00eds!\u201d.<\/p>\n<p>Os convocados se apresentam \u00e0 sele\u00e7\u00e3o na pr\u00f3xima segunda-feira (14), em Turim (It\u00e1lia), onde o grupo se concentrar\u00e1 por cinco dias no centro de treinamento da Juventus, antes da viagem para Doha (Catar). A estreia na Copa ser\u00e1 no pr\u00f3ximo dia 24, \u00e0s 16h (hor\u00e1rio de Bras\u00edlia), no Est\u00e1dio Lusail, contra a S\u00e9rvia. No dia 28, \u00e0s 13h, a equipe canarinho ter\u00e1 pela frente a Su\u00ed\u00e7a, no Est\u00e1dio 974. No dia 2 de dezembro, os comandados de Tite voltam ao Lusail, para encarar Camar\u00f5es, \u00e0s 16h, encerrando a participa\u00e7\u00e3o no Grupo G, pela primeira fase.<\/p>\n<p><span style=\"font-weight: 400;\"><br \/>\n<\/span><span style=\"font-weight: 400;\">Fonte: Ag\u00eancia Brasil <\/span><\/p>\n","protected":false},"excerpt":{"rendered":"<p>Logo ap\u00f3s o t\u00e9cnico Tite anunciar a rela\u00e7\u00e3o de 26 jogadores escolhidos para representar o Brasil na Copa do Mundo do Catar, nesta segunda-feira (7), no audit\u00f3rio da Confedera\u00e7\u00e3o Brasileira de Futebol (CBF), na Barra da Tijuca, os atletas chamados se pronunciaram em seus perfis nas redes sociais. O atacante Vin\u00edcius J\u00fanior, do Real Madrid [&hellip;]<\/p>\n","protected":false},"author":246,"featured_media":206315,"comment_status":"closed","ping_status":"closed","sticky":false,"template":"","format":"standard","meta":{"footnotes":""},"categories":[436,257,439],"tags":[],"class_list":["post-206314","post","type-post","status-publish","format-standard","has-post-thumbnail","hentry","category-destaque-da-semana","category-esporte","category-ultima-hora"],"_links":{"self":[{"href":"https:\/\/diarioregionaldigital.com.br\/index.php?rest_route=\/wp\/v2\/posts\/206314","targetHints":{"allow":["GET"]}}],"collection":[{"href":"https:\/\/diarioregionaldigital.com.br\/index.php?rest_route=\/wp\/v2\/posts"}],"about":[{"href":"https:\/\/diarioregionaldigital.com.br\/index.php?rest_route=\/wp\/v2\/types\/post"}],"author":[{"embeddable":true,"href":"https:\/\/diarioregionaldigital.com.br\/index.php?rest_route=\/wp\/v2\/users\/246"}],"replies":[{"embeddable":true,"href":"https:\/\/diarioregionaldigital.com.br\/index.php?rest_route=%2Fwp%2Fv2%2Fcomments&post=206314"}],"version-history":[{"count":1,"href":"https:\/\/diarioregionaldigital.com.br\/index.php?rest_route=\/wp\/v2\/posts\/206314\/revisions"}],"predecessor-version":[{"id":206316,"href":"https:\/\/diarioregionaldigital.com.br\/index.php?rest_route=\/wp\/v2\/posts\/206314\/revisions\/206316"}],"wp:featuredmedia":[{"embeddable":true,"href":"https:\/\/diarioregionaldigital.com.br\/index.php?rest_route=\/wp\/v2\/media\/206315"}],"wp:attachment":[{"href":"https:\/\/diarioregionaldigital.com.br\/index.php?rest_route=%2Fwp%2Fv2%2Fmedia&parent=206314"}],"wp:term":[{"taxonomy":"category","embeddable":true,"href":"https:\/\/diarioregionaldigital.com.br\/index.php?rest_route=%2Fwp%2Fv2%2Fcategories&post=206314"},{"taxonomy":"post_tag","embeddable":true,"href":"https:\/\/diarioregionaldigital.com.br\/index.php?rest_route=%2Fwp%2Fv2%2Ftags&post=206314"}],"curies":[{"name":"wp","href":"https:\/\/api.w.org\/{rel}","templated":true}]}}