{"id":206305,"date":"2022-11-07T20:19:41","date_gmt":"2022-11-07T23:19:41","guid":{"rendered":"https:\/\/diarioregionaldigital.com.br\/?p=206305"},"modified":"2022-11-07T20:19:41","modified_gmt":"2022-11-07T23:19:41","slug":"surfe-gabriel-medina-vence-etapa-do-challeger-series-em-saquarema","status":"publish","type":"post","link":"https:\/\/diarioregionaldigital.com.br\/?p=206305","title":{"rendered":"Surfe: Gabriel Medina vence etapa do Challeger Series em Saquarema"},"content":{"rendered":"<p>O tricampe\u00e3o mundial Gabriel Medina conquistou nesta segunda-feira (7) o t\u00edtulo do Saquarema Pro, pen\u00faltima etapa do Challenger Series, que serve para definir os classificados para a elite da temporada 2023 da Liga Mundial de Surfe (WSL).<img decoding=\"async\" src=\"https:\/\/agenciabrasil.ebc.com.br\/ebc.png?id=1492681&amp;o=node\" \/><img decoding=\"async\" src=\"https:\/\/agenciabrasil.ebc.com.br\/ebc.gif?id=1492681&amp;o=node\" \/><\/p>\n<p>Medina ficou com o t\u00edtulo na competi\u00e7\u00e3o disputada na praia de Ita\u00fana ap\u00f3s superar na grande decis\u00e3o o marroquino Ramzi Boukhiam por 13,67 pontos a 13,43.<\/p>\n<p>Ap\u00f3s a conquista, o tricampe\u00e3o mundial publicou uma mensagem em suas redes sociais destacando o fato de ter sido campe\u00e3o no mesmo palco no qual sofreu uma les\u00e3o no joelho que o tirou da \u00faltima temporada da elite: \u201cNo mesmo lugar no qual me lesionei alguns meses atr\u00e1s. Hoje levantando a recompensa de trabalhar duro, foco e determina\u00e7\u00e3o em dar a volta por cima. Viva o processo e tenha f\u00e9. A vida \u00e9 muito louca! Vamos embora, pois a temporada vai come\u00e7ar. Obrigado a todos pelas mensagens e torcida! Amo voc\u00eas! O trof\u00e9u fica em casa\u201d.<\/p>\n<p>Entre as mulheres, quem ficou no lugar mais alto do p\u00f3dio foi a norte-americana Alyssa Spencer, que bateu a francesa Tessa Thyssen por 12,90 pontos a 9,06.<\/p>\n<p>A \u00faltima etapa do Challenger Series ser\u00e1 disputado na praia de Haleiwa, no Hava\u00ed, entre 26 de novembro e 7 de dezembro.<\/p>\n<p><span style=\"font-weight: 400;\"><br \/>\n<\/span><span style=\"font-weight: 400;\">Fonte: Ag\u00eancia Brasil <\/span><\/p>\n","protected":false},"excerpt":{"rendered":"<p>O tricampe\u00e3o mundial Gabriel Medina conquistou nesta segunda-feira (7) o t\u00edtulo do Saquarema Pro, pen\u00faltima etapa do Challenger Series, que serve para definir os classificados para a elite da temporada 2023 da Liga Mundial de Surfe (WSL). Medina ficou com o t\u00edtulo na competi\u00e7\u00e3o disputada na praia de Ita\u00fana ap\u00f3s superar na grande decis\u00e3o o [&hellip;]<\/p>\n","protected":false},"author":246,"featured_media":206306,"comment_status":"closed","ping_status":"closed","sticky":false,"template":"","format":"standard","meta":{"footnotes":""},"categories":[436,440,257,439],"tags":[],"class_list":["post-206305","post","type-post","status-publish","format-standard","has-post-thumbnail","hentry","category-destaque-da-semana","category-destaques-do-dia","category-esporte","category-ultima-hora"],"_links":{"self":[{"href":"https:\/\/diarioregionaldigital.com.br\/index.php?rest_route=\/wp\/v2\/posts\/206305","targetHints":{"allow":["GET"]}}],"collection":[{"href":"https:\/\/diarioregionaldigital.com.br\/index.php?rest_route=\/wp\/v2\/posts"}],"about":[{"href":"https:\/\/diarioregionaldigital.com.br\/index.php?rest_route=\/wp\/v2\/types\/post"}],"author":[{"embeddable":true,"href":"https:\/\/diarioregionaldigital.com.br\/index.php?rest_route=\/wp\/v2\/users\/246"}],"replies":[{"embeddable":true,"href":"https:\/\/diarioregionaldigital.com.br\/index.php?rest_route=%2Fwp%2Fv2%2Fcomments&post=206305"}],"version-history":[{"count":1,"href":"https:\/\/diarioregionaldigital.com.br\/index.php?rest_route=\/wp\/v2\/posts\/206305\/revisions"}],"predecessor-version":[{"id":206307,"href":"https:\/\/diarioregionaldigital.com.br\/index.php?rest_route=\/wp\/v2\/posts\/206305\/revisions\/206307"}],"wp:featuredmedia":[{"embeddable":true,"href":"https:\/\/diarioregionaldigital.com.br\/index.php?rest_route=\/wp\/v2\/media\/206306"}],"wp:attachment":[{"href":"https:\/\/diarioregionaldigital.com.br\/index.php?rest_route=%2Fwp%2Fv2%2Fmedia&parent=206305"}],"wp:term":[{"taxonomy":"category","embeddable":true,"href":"https:\/\/diarioregionaldigital.com.br\/index.php?rest_route=%2Fwp%2Fv2%2Fcategories&post=206305"},{"taxonomy":"post_tag","embeddable":true,"href":"https:\/\/diarioregionaldigital.com.br\/index.php?rest_route=%2Fwp%2Fv2%2Ftags&post=206305"}],"curies":[{"name":"wp","href":"https:\/\/api.w.org\/{rel}","templated":true}]}}