{"id":206302,"date":"2022-11-07T20:16:43","date_gmt":"2022-11-07T23:16:43","guid":{"rendered":"https:\/\/diarioregionaldigital.com.br\/?p=206302"},"modified":"2022-11-07T20:16:43","modified_gmt":"2022-11-07T23:16:43","slug":"comeca-julgamento-da-ex-deputada-e-pastora-flordelis","status":"publish","type":"post","link":"https:\/\/diarioregionaldigital.com.br\/?p=206302","title":{"rendered":"Come\u00e7a julgamento da ex-deputada e pastora Flordelis"},"content":{"rendered":"<p>Come\u00e7ou na manh\u00e3 de\u00a0hoje\u00a0(7), com atraso de duas horas, o julgamento de mais cinco acusados de envolvimento no assassinato do pastor Anderson do Carmo. Ele foi executado a tiros na resid\u00eancia da fam\u00edlia, no bairro de Pendotiba, em Niter\u00f3i, na regi\u00e3o metropolitana do Rio\u00a0de Janeiro, no dia\u00a016 de junho\u00a0de 2019. A sess\u00e3o ocorre no F\u00f3rum da cidade, onde ser\u00e3o ouvidas 30 testemunhas, e deve durar mais de um dia.<img decoding=\"async\" src=\"https:\/\/agenciabrasil.ebc.com.br\/ebc.png?id=1492608&amp;o=node\" \/><img decoding=\"async\" src=\"https:\/\/agenciabrasil.ebc.com.br\/ebc.gif?id=1492608&amp;o=node\" \/><\/p>\n<p>Ser\u00e1 julgada\u00a0a ex-deputada federal, pastora e cantora gospel Flordelis dos Santos de Souza, esposa de Anderson. Ela \u00e9 acusada de ser a mandante do crime e responde por homic\u00eddio triplamente qualificado, por motivo torpe, emprego de meio cruel e de recurso que impossibilitou a defesa da v\u00edtima,\u00a0tentativa de homic\u00eddio, uso de documento falso e associa\u00e7\u00e3o criminosa armada.<\/p>\n<p>Tamb\u00e9m ser\u00e3o julgados\u00a0hoje\u00a0a filha biol\u00f3gica de Flordelis, Simone dos Santos Rodrigues, e os filhos afetivos Andr\u00e9 Luiz de Oliveira e Marzy Teixeira da Silva. Os tr\u00eas respondem por homic\u00eddio triplamente qualificado, tentativa de homic\u00eddio e associa\u00e7\u00e3o criminosa armada.<\/p>\n<p>De acordo com a acusa\u00e7\u00e3o, a tentativa de homic\u00eddio, tamb\u00e9m contra o pastor Anderson, ocorreu de forma continuada com a adi\u00e7\u00e3o de veneno nas comidas e bebidas da v\u00edtima.<\/p>\n<p>A \u00faltima r\u00e9 no julgamento de\u00a0hoje\u00a0\u00e9 a neta de Flordelis, Rayane dos Santos Oliveira, acusada de homic\u00eddio triplamente qualificado e associa\u00e7\u00e3o criminosa armada. No in\u00edcio da sess\u00e3o, por volta das\u00a011h, as r\u00e9s aparentavam como\u00e7\u00e3o, com express\u00e3o de choro. Todos vestem cal\u00e7a jeans e camiseta branca de manga comprida.<\/p>\n<p>Foram sorteados sete jurados, sendo tr\u00eas mulheres e quatro homens.<\/p>\n<h2>R\u00e9us j\u00e1 condenados<\/h2>\n<p>Em abril deste ano, o Tribunal do J\u00fari de Niter\u00f3i condenou quatro r\u00e9us do caso. Adriano dos Santos Rodrigues, filho biol\u00f3gico de Flordelis, foi condenado a quatro anos, seis meses e 20 dias de pris\u00e3o, inicialmente em regime semiaberto, por uso de documento falso e associa\u00e7\u00e3o criminosa armada.<\/p>\n<p>O ex-policial militar Marcos Siqueira Costa pegou cinco anos e 20 dias de reclus\u00e3o em regime fechado. Sua esposa, Andrea Santos Maia, foi condenada a quatro anos, tr\u00eas meses e dez dias de reclus\u00e3o em regime inicialmente semiaberto. O filho afetivo Carlos Ubiraci Francisco da Silva foi condenado, pelo crime de associa\u00e7\u00e3o criminosa armada, a dois anos, dois meses e 20 dias de reclus\u00e3o em regime semiaberto.<\/p>\n<p>Em novembro do ano passado, o Tribunal do J\u00fari de Niter\u00f3i condenou outro filho biol\u00f3gico da ex-deputada, Fl\u00e1vio dos Santos Rodrigues, a 33 anos 2 meses e 20 dias de reclus\u00e3o em regime fechado, por homic\u00eddio triplamente qualificado consumado, porte ilegal de arma de fogo, uso de documento falso e associa\u00e7\u00e3o criminosa armada. Ele foi o autor dos disparos. Tamb\u00e9m foi condenado, na mesma sess\u00e3o, Lucas Cezar dos Santos de Souza, filho adotivo de Flordelis, por homic\u00eddio triplamente qualificado a nove anos de pris\u00e3o em regime fechado. Ele foi o\u00a0respons\u00e1vel por adquirir a arma usada no crime.<\/p>\n<p><span style=\"font-weight: 400;\">Fonte: Ag\u00eancia Brasil <\/span><\/p>\n","protected":false},"excerpt":{"rendered":"<p>Come\u00e7ou na manh\u00e3 de\u00a0hoje\u00a0(7), com atraso de duas horas, o julgamento de mais cinco acusados de envolvimento no assassinato do pastor Anderson do Carmo. Ele foi executado a tiros na resid\u00eancia da fam\u00edlia, no bairro de Pendotiba, em Niter\u00f3i, na regi\u00e3o metropolitana do Rio\u00a0de Janeiro, no dia\u00a016 de junho\u00a0de 2019. A sess\u00e3o ocorre no F\u00f3rum [&hellip;]<\/p>\n","protected":false},"author":246,"featured_media":206303,"comment_status":"closed","ping_status":"closed","sticky":false,"template":"","format":"standard","meta":{"footnotes":""},"categories":[436,254,439],"tags":[],"class_list":["post-206302","post","type-post","status-publish","format-standard","has-post-thumbnail","hentry","category-destaque-da-semana","category-politica","category-ultima-hora"],"_links":{"self":[{"href":"https:\/\/diarioregionaldigital.com.br\/index.php?rest_route=\/wp\/v2\/posts\/206302","targetHints":{"allow":["GET"]}}],"collection":[{"href":"https:\/\/diarioregionaldigital.com.br\/index.php?rest_route=\/wp\/v2\/posts"}],"about":[{"href":"https:\/\/diarioregionaldigital.com.br\/index.php?rest_route=\/wp\/v2\/types\/post"}],"author":[{"embeddable":true,"href":"https:\/\/diarioregionaldigital.com.br\/index.php?rest_route=\/wp\/v2\/users\/246"}],"replies":[{"embeddable":true,"href":"https:\/\/diarioregionaldigital.com.br\/index.php?rest_route=%2Fwp%2Fv2%2Fcomments&post=206302"}],"version-history":[{"count":1,"href":"https:\/\/diarioregionaldigital.com.br\/index.php?rest_route=\/wp\/v2\/posts\/206302\/revisions"}],"predecessor-version":[{"id":206304,"href":"https:\/\/diarioregionaldigital.com.br\/index.php?rest_route=\/wp\/v2\/posts\/206302\/revisions\/206304"}],"wp:featuredmedia":[{"embeddable":true,"href":"https:\/\/diarioregionaldigital.com.br\/index.php?rest_route=\/wp\/v2\/media\/206303"}],"wp:attachment":[{"href":"https:\/\/diarioregionaldigital.com.br\/index.php?rest_route=%2Fwp%2Fv2%2Fmedia&parent=206302"}],"wp:term":[{"taxonomy":"category","embeddable":true,"href":"https:\/\/diarioregionaldigital.com.br\/index.php?rest_route=%2Fwp%2Fv2%2Fcategories&post=206302"},{"taxonomy":"post_tag","embeddable":true,"href":"https:\/\/diarioregionaldigital.com.br\/index.php?rest_route=%2Fwp%2Fv2%2Ftags&post=206302"}],"curies":[{"name":"wp","href":"https:\/\/api.w.org\/{rel}","templated":true}]}}