{"id":206299,"date":"2022-11-07T20:13:58","date_gmt":"2022-11-07T23:13:58","guid":{"rendered":"https:\/\/diarioregionaldigital.com.br\/?p=206299"},"modified":"2022-11-07T20:13:58","modified_gmt":"2022-11-07T23:13:58","slug":"stf-prorroga-trabalhos-de-comissao-sobre-compensacao-do-icms","status":"publish","type":"post","link":"https:\/\/diarioregionaldigital.com.br\/?p=206299","title":{"rendered":"STF prorroga trabalhos de comiss\u00e3o sobre compensa\u00e7\u00e3o do ICMS"},"content":{"rendered":"<p>O ministro Gilmar Mendes, do Supremo Tribunal Federal (STF), prorrogou at\u00e9 2 de dezembro os trabalhos da comiss\u00e3o que busca concilia\u00e7\u00e3o envolvendo a compensa\u00e7\u00e3o do Imposto de Circula\u00e7\u00e3o de Mercadorias e Servi\u00e7os (ICMS) sobre produtos essenciais, como combust\u00edveis, energia el\u00e9trica, comunica\u00e7\u00f5es e transportes coletivos.<img decoding=\"async\" src=\"https:\/\/agenciabrasil.ebc.com.br\/ebc.png?id=1492666&amp;o=node\" \/><img decoding=\"async\" src=\"https:\/\/agenciabrasil.ebc.com.br\/ebc.gif?id=1492666&amp;o=node\" \/><\/p>\n<p>Desde agosto, representantes dos estados e do governo federal est\u00e3o se reunindo para tentar chegar a um acordo sobre a quest\u00e3o. Os governos estaduais argumentam que as leis que tratam do ICMS sobre combust\u00edveis atrapalham a programa\u00e7\u00e3o or\u00e7ament\u00e1ria dos estados e derrubam a arrecada\u00e7\u00e3o.<\/p>\n<p><a href=\"https:\/\/agenciabrasil.ebc.com.br\/economia\/noticia\/2022-11\/estados-e-uniao-participam-de-nova-audiencia-sobre-icms-no-stf\" target=\"_blank\" rel=\"noopener\">Os trabalhos seriam encerrados em 4 de novembro<\/a>, mas na \u00faltima reuni\u00e3o, realizada na quinta-feira (3), os estados se comprometeram a apresentar at\u00e9 10 de novembro uma proposta de compensa\u00e7\u00e3o \u00e0 Uni\u00e3o sobre as perdas na arrecada\u00e7\u00e3o de ICMS.<\/p>\n<p>A quest\u00e3o \u00e9 discutida na a\u00e7\u00e3o em que o presidente Jair Bolsonaro defende a limita\u00e7\u00e3o da al\u00edquota do tributo nos 26 estados e no Distrito Federal. O impasse jur\u00eddico come\u00e7ou ap\u00f3s a san\u00e7\u00e3o da Lei Complementar 192\/2022, que impede os estados de cobrar mais de 17% ou 18% de ICMS sobre esses bens e servi\u00e7os.<\/p>\n<p><span style=\"font-weight: 400;\">Fonte: Ag\u00eancia Brasil <\/span><\/p>\n","protected":false},"excerpt":{"rendered":"<p>O ministro Gilmar Mendes, do Supremo Tribunal Federal (STF), prorrogou at\u00e9 2 de dezembro os trabalhos da comiss\u00e3o que busca concilia\u00e7\u00e3o envolvendo a compensa\u00e7\u00e3o do Imposto de Circula\u00e7\u00e3o de Mercadorias e Servi\u00e7os (ICMS) sobre produtos essenciais, como combust\u00edveis, energia el\u00e9trica, comunica\u00e7\u00f5es e transportes coletivos. Desde agosto, representantes dos estados e do governo federal est\u00e3o se [&hellip;]<\/p>\n","protected":false},"author":246,"featured_media":206300,"comment_status":"closed","ping_status":"closed","sticky":false,"template":"","format":"standard","meta":{"footnotes":""},"categories":[436,254,439],"tags":[],"class_list":["post-206299","post","type-post","status-publish","format-standard","has-post-thumbnail","hentry","category-destaque-da-semana","category-politica","category-ultima-hora"],"_links":{"self":[{"href":"https:\/\/diarioregionaldigital.com.br\/index.php?rest_route=\/wp\/v2\/posts\/206299","targetHints":{"allow":["GET"]}}],"collection":[{"href":"https:\/\/diarioregionaldigital.com.br\/index.php?rest_route=\/wp\/v2\/posts"}],"about":[{"href":"https:\/\/diarioregionaldigital.com.br\/index.php?rest_route=\/wp\/v2\/types\/post"}],"author":[{"embeddable":true,"href":"https:\/\/diarioregionaldigital.com.br\/index.php?rest_route=\/wp\/v2\/users\/246"}],"replies":[{"embeddable":true,"href":"https:\/\/diarioregionaldigital.com.br\/index.php?rest_route=%2Fwp%2Fv2%2Fcomments&post=206299"}],"version-history":[{"count":1,"href":"https:\/\/diarioregionaldigital.com.br\/index.php?rest_route=\/wp\/v2\/posts\/206299\/revisions"}],"predecessor-version":[{"id":206301,"href":"https:\/\/diarioregionaldigital.com.br\/index.php?rest_route=\/wp\/v2\/posts\/206299\/revisions\/206301"}],"wp:featuredmedia":[{"embeddable":true,"href":"https:\/\/diarioregionaldigital.com.br\/index.php?rest_route=\/wp\/v2\/media\/206300"}],"wp:attachment":[{"href":"https:\/\/diarioregionaldigital.com.br\/index.php?rest_route=%2Fwp%2Fv2%2Fmedia&parent=206299"}],"wp:term":[{"taxonomy":"category","embeddable":true,"href":"https:\/\/diarioregionaldigital.com.br\/index.php?rest_route=%2Fwp%2Fv2%2Fcategories&post=206299"},{"taxonomy":"post_tag","embeddable":true,"href":"https:\/\/diarioregionaldigital.com.br\/index.php?rest_route=%2Fwp%2Fv2%2Ftags&post=206299"}],"curies":[{"name":"wp","href":"https:\/\/api.w.org\/{rel}","templated":true}]}}