{"id":206296,"date":"2022-11-07T20:12:44","date_gmt":"2022-11-07T23:12:44","guid":{"rendered":"https:\/\/diarioregionaldigital.com.br\/?p=206296"},"modified":"2022-11-07T20:12:44","modified_gmt":"2022-11-07T23:12:44","slug":"justica-do-rio-decreta-prisao-preventiva-de-gabriel-monteiro","status":"publish","type":"post","link":"https:\/\/diarioregionaldigital.com.br\/?p=206296","title":{"rendered":"Justi\u00e7a do Rio decreta pris\u00e3o preventiva de Gabriel Monteiro"},"content":{"rendered":"<p>A 34\u00aa Vara Criminal do Rio de Janeiro decretou a pris\u00e3o preventiva do ex-vereador Gabriel Monteiro (PL). A informa\u00e7\u00e3o foi confirmada hoje (7) pelo Tribunal de Justi\u00e7a do Estado do Rio de Janeiro, que n\u00e3o revelou mais detalhes pois o processo corre em segredo de Justi\u00e7a.<img decoding=\"async\" src=\"https:\/\/agenciabrasil.ebc.com.br\/ebc.png?id=1492682&amp;o=node\" \/><img decoding=\"async\" src=\"https:\/\/agenciabrasil.ebc.com.br\/ebc.gif?id=1492682&amp;o=node\" \/><\/p>\n<p>Em agosto, Gabriel Monteiro perdeu o mandato de vereador\u00a0<a href=\"https:\/\/agenciabrasil.ebc.com.br\/politica\/noticia\/2022-08\/camara-do-rio-cassa-mandato-de-gabriel-monteiro\" target=\"_blank\" rel=\"noopener\">ap\u00f3s ter sido cassado<\/a>\u00a0por quebra de decoro parlamentar. Ele tentou se candidatar \u00e0 C\u00e2mara dos Deputados nas \u00faltimas elei\u00e7\u00f5es, mas sua\u00a0<a href=\"https:\/\/agenciabrasil.ebc.com.br\/politica\/noticia\/2022-08\/tre-rj-indefere-candidatura-de-gabriel-monteiro-deputado-federal\" target=\"_blank\" rel=\"noopener\">candidatura foi indeferida<\/a>\u00a0pelo Colegiado do Tribunal Regional Eleitoral do Rio de Janeiro (TRE-RJ) por conta da cassa\u00e7\u00e3o sofrida na C\u00e2mara Municipal.<\/p>\n<p>Impedido de concorrer, o ex-policial militar e\u00a0<em>youtuber<\/em>\u00a0apoiou a candidatura da irm\u00e3, Gisele Monteiro (PL), eleita deputada estadual, e do pai, Roberto Monteiro (PL), eleito para a C\u00e2mara dos Deputados.<\/p>\n<h2>Entenda<\/h2>\n<p>O ex-vereador \u00e9 r\u00e9u em processo em que responde aos crimes de importuna\u00e7\u00e3o e ass\u00e9dio sexual contra uma ex-assessora, e tamb\u00e9m teve den\u00fancia aceita pela Justi\u00e7a em um caso em que \u00e9 acusado de ter filmado uma rela\u00e7\u00e3o sexual com uma adolescente, que na \u00e9poca tinha 15 anos.<\/p>\n<p>Sua defesa alegou, na \u00e9poca da segunda den\u00fancia, que ele acreditava que a menina era maior de idade. Sobre o outro caso, os advogados haviam afirmado que seus ex-assessores trabalham para a &#8220;m\u00e1fia do reboque&#8221;, que teria sido denunciada por ele.<\/p>\n<p>A den\u00fancia envolvendo a menor de idade foi uma das tr\u00eas destacadas no processo de cassa\u00e7\u00e3o que o ex-vereador respondeu na C\u00e2mara Municipal do Rio de Janeiro. O relat\u00f3rio elaborado pela Comiss\u00e3o de \u00c9tica da Casa apontava ainda uma encena\u00e7\u00e3o que envolvia uma menor de idade em um\u00a0<em>shopping<\/em>\u00a0e a agress\u00e3o contra um morador de rua convidado para a encena\u00e7\u00e3o de um roubo na Lapa.<\/p>\n<p>A defesa de Monteiro sustentou no dia da cassa\u00e7\u00e3o que a encena\u00e7\u00e3o com a adolescente no\u00a0<em>shopping<\/em>\u00a0foi consentida pela m\u00e3e da jovem e que a grava\u00e7\u00e3o com o morador de rua era um experimento social e que ele teria sido agressivo.<\/p>\n<p><span style=\"font-weight: 400;\">Fonte: Ag\u00eancia Brasil <\/span><\/p>\n","protected":false},"excerpt":{"rendered":"<p>A 34\u00aa Vara Criminal do Rio de Janeiro decretou a pris\u00e3o preventiva do ex-vereador Gabriel Monteiro (PL). A informa\u00e7\u00e3o foi confirmada hoje (7) pelo Tribunal de Justi\u00e7a do Estado do Rio de Janeiro, que n\u00e3o revelou mais detalhes pois o processo corre em segredo de Justi\u00e7a. Em agosto, Gabriel Monteiro perdeu o mandato de vereador\u00a0ap\u00f3s [&hellip;]<\/p>\n","protected":false},"author":246,"featured_media":206297,"comment_status":"closed","ping_status":"closed","sticky":false,"template":"","format":"standard","meta":{"footnotes":""},"categories":[436,254,439],"tags":[],"class_list":["post-206296","post","type-post","status-publish","format-standard","has-post-thumbnail","hentry","category-destaque-da-semana","category-politica","category-ultima-hora"],"_links":{"self":[{"href":"https:\/\/diarioregionaldigital.com.br\/index.php?rest_route=\/wp\/v2\/posts\/206296","targetHints":{"allow":["GET"]}}],"collection":[{"href":"https:\/\/diarioregionaldigital.com.br\/index.php?rest_route=\/wp\/v2\/posts"}],"about":[{"href":"https:\/\/diarioregionaldigital.com.br\/index.php?rest_route=\/wp\/v2\/types\/post"}],"author":[{"embeddable":true,"href":"https:\/\/diarioregionaldigital.com.br\/index.php?rest_route=\/wp\/v2\/users\/246"}],"replies":[{"embeddable":true,"href":"https:\/\/diarioregionaldigital.com.br\/index.php?rest_route=%2Fwp%2Fv2%2Fcomments&post=206296"}],"version-history":[{"count":1,"href":"https:\/\/diarioregionaldigital.com.br\/index.php?rest_route=\/wp\/v2\/posts\/206296\/revisions"}],"predecessor-version":[{"id":206298,"href":"https:\/\/diarioregionaldigital.com.br\/index.php?rest_route=\/wp\/v2\/posts\/206296\/revisions\/206298"}],"wp:featuredmedia":[{"embeddable":true,"href":"https:\/\/diarioregionaldigital.com.br\/index.php?rest_route=\/wp\/v2\/media\/206297"}],"wp:attachment":[{"href":"https:\/\/diarioregionaldigital.com.br\/index.php?rest_route=%2Fwp%2Fv2%2Fmedia&parent=206296"}],"wp:term":[{"taxonomy":"category","embeddable":true,"href":"https:\/\/diarioregionaldigital.com.br\/index.php?rest_route=%2Fwp%2Fv2%2Fcategories&post=206296"},{"taxonomy":"post_tag","embeddable":true,"href":"https:\/\/diarioregionaldigital.com.br\/index.php?rest_route=%2Fwp%2Fv2%2Ftags&post=206296"}],"curies":[{"name":"wp","href":"https:\/\/api.w.org\/{rel}","templated":true}]}}