{"id":206293,"date":"2022-11-07T20:10:18","date_gmt":"2022-11-07T23:10:18","guid":{"rendered":"https:\/\/diarioregionaldigital.com.br\/?p=206293"},"modified":"2022-11-07T20:10:18","modified_gmt":"2022-11-07T23:10:18","slug":"stf-pede-informacoes-sobre-veiculos-que-participaram-de-bloqueios","status":"publish","type":"post","link":"https:\/\/diarioregionaldigital.com.br\/?p=206293","title":{"rendered":"STF pede informa\u00e7\u00f5es sobre ve\u00edculos que participaram de bloqueios"},"content":{"rendered":"<p>O ministro do Supremo Tribunal Federal (STF) Alexandre de Moraes deu prazo de 48 horas para a Pol\u00edcia Rodovi\u00e1ria Federal (PRF) enviar de informa\u00e7\u00f5es \u00e0 Corte sobre caminh\u00f5es e ve\u00edculos que participaram de bloqueios em rodovias federais.<img decoding=\"async\" src=\"https:\/\/agenciabrasil.ebc.com.br\/ebc.png?id=1492685&amp;o=node\" \/><img decoding=\"async\" src=\"https:\/\/agenciabrasil.ebc.com.br\/ebc.gif?id=1492685&amp;o=node\" \/><\/p>\n<p>A decis\u00e3o dever\u00e1 ser cumprida tamb\u00e9m pela Pol\u00edcia Federal (PF) e as pol\u00edcias Civil e Militar dos estados. A decis\u00e3o foi tomada na a\u00e7\u00e3o na qual o ministro determinou o total desbloqueio das rodovias que registraram paralisa\u00e7\u00f5es de caminhoneiros a partir do dia 30 de outubro ap\u00f3s a divulga\u00e7\u00e3o do resultado do segundo turno da elei\u00e7\u00e3o para presidente da Rep\u00fablica.<\/p>\n<p>Na decis\u00e3o, assinada hoje (7), Moraes tamb\u00e9m pediu dados sobre os propriet\u00e1rios dos ve\u00edculos.<\/p>\n<p>&#8220;Determino \u00e0s pol\u00edcias civis e militares dos estados e Distrito Federal, bem como \u00e0 Pol\u00edcia Federal e \u00e0 Pol\u00edcia Rodovi\u00e1ria Federal, o envio de e sobre a identifica\u00e7\u00e3o dos caminh\u00f5es e ve\u00edculos que participaram ativamente dos bloqueios e nas manifesta\u00e7\u00f5es em frente aos quart\u00e9is das For\u00e7as Armadas, assim como os dados dos respectivos propriet\u00e1rios, pessoas f\u00edsicas ou jur\u00eddicas. Determino, ainda, que informem se identificaram l\u00edderes, organizadores e\/ou financiadores dos referidos atos antidemocr\u00e1ticos, com a remessa dos dados e provid\u00eancias realizadas&#8221;, escreveu Moraes.<\/p>\n<p>No dia 30 de outubro, ap\u00f3s o an\u00fancio da vit\u00f3ria de Luiz In\u00e1cio Lula da Silva para a Presid\u00eancia da Rep\u00fablica, em segundo turno, grupos de caminhoneiros iniciaram bloqueios em diversos pontos do pa\u00eds.<\/p>\n<h2>Bloqueios<\/h2>\n<p>De acordo com a PRF, o fluxo de ve\u00edculos est\u00e1 parcialmente interrompido em 15 pontos do pa\u00eds. H\u00e1 quatro bloqueios totais em Bom Jesus do Araguaia (MT), Campos de J\u00falio (MT), Sapezal (MT) e Rio do Sul (SC). Desde a semana passada, 1.049 manifesta\u00e7\u00f5es foram desfeitas pelos agentes da corpora\u00e7\u00e3o.<\/p>\n<p><span style=\"font-weight: 400;\">Fonte: Ag\u00eancia Brasil <\/span><\/p>\n","protected":false},"excerpt":{"rendered":"<p>O ministro do Supremo Tribunal Federal (STF) Alexandre de Moraes deu prazo de 48 horas para a Pol\u00edcia Rodovi\u00e1ria Federal (PRF) enviar de informa\u00e7\u00f5es \u00e0 Corte sobre caminh\u00f5es e ve\u00edculos que participaram de bloqueios em rodovias federais. A decis\u00e3o dever\u00e1 ser cumprida tamb\u00e9m pela Pol\u00edcia Federal (PF) e as pol\u00edcias Civil e Militar dos estados. [&hellip;]<\/p>\n","protected":false},"author":246,"featured_media":206294,"comment_status":"closed","ping_status":"closed","sticky":false,"template":"","format":"standard","meta":{"footnotes":""},"categories":[436,440,254,439],"tags":[],"class_list":["post-206293","post","type-post","status-publish","format-standard","has-post-thumbnail","hentry","category-destaque-da-semana","category-destaques-do-dia","category-politica","category-ultima-hora"],"_links":{"self":[{"href":"https:\/\/diarioregionaldigital.com.br\/index.php?rest_route=\/wp\/v2\/posts\/206293","targetHints":{"allow":["GET"]}}],"collection":[{"href":"https:\/\/diarioregionaldigital.com.br\/index.php?rest_route=\/wp\/v2\/posts"}],"about":[{"href":"https:\/\/diarioregionaldigital.com.br\/index.php?rest_route=\/wp\/v2\/types\/post"}],"author":[{"embeddable":true,"href":"https:\/\/diarioregionaldigital.com.br\/index.php?rest_route=\/wp\/v2\/users\/246"}],"replies":[{"embeddable":true,"href":"https:\/\/diarioregionaldigital.com.br\/index.php?rest_route=%2Fwp%2Fv2%2Fcomments&post=206293"}],"version-history":[{"count":1,"href":"https:\/\/diarioregionaldigital.com.br\/index.php?rest_route=\/wp\/v2\/posts\/206293\/revisions"}],"predecessor-version":[{"id":206295,"href":"https:\/\/diarioregionaldigital.com.br\/index.php?rest_route=\/wp\/v2\/posts\/206293\/revisions\/206295"}],"wp:featuredmedia":[{"embeddable":true,"href":"https:\/\/diarioregionaldigital.com.br\/index.php?rest_route=\/wp\/v2\/media\/206294"}],"wp:attachment":[{"href":"https:\/\/diarioregionaldigital.com.br\/index.php?rest_route=%2Fwp%2Fv2%2Fmedia&parent=206293"}],"wp:term":[{"taxonomy":"category","embeddable":true,"href":"https:\/\/diarioregionaldigital.com.br\/index.php?rest_route=%2Fwp%2Fv2%2Fcategories&post=206293"},{"taxonomy":"post_tag","embeddable":true,"href":"https:\/\/diarioregionaldigital.com.br\/index.php?rest_route=%2Fwp%2Fv2%2Ftags&post=206293"}],"curies":[{"name":"wp","href":"https:\/\/api.w.org\/{rel}","templated":true}]}}