{"id":206286,"date":"2022-11-07T20:04:22","date_gmt":"2022-11-07T23:04:22","guid":{"rendered":"https:\/\/diarioregionaldigital.com.br\/?p=206286"},"modified":"2022-11-07T20:04:22","modified_gmt":"2022-11-07T23:04:22","slug":"precatorios-poderao-ser-usados-para-comprar-imoveis-da-uniao","status":"publish","type":"post","link":"https:\/\/diarioregionaldigital.com.br\/?p=206286","title":{"rendered":"Precat\u00f3rios poder\u00e3o ser usados para comprar im\u00f3veis da Uni\u00e3o"},"content":{"rendered":"<p>A partir de agora, o cidad\u00e3o pode usar precat\u00f3rios \u2013 d\u00edvidas do governo com pessoas f\u00edsicas e empresas \u2013 para comprar im\u00f3veis da Uni\u00e3o. O Minist\u00e9rio da Economia publicou hoje (7) no\u00a0<em>Di\u00e1rio Oficial da Uni\u00e3o<\/em>\u00a0<a href=\"https:\/\/www.in.gov.br\/en\/web\/dou\/-\/portaria-spu\/me-n-9.650-de-3-de-novembro-de-2022-441683841\" target=\"_blank\" rel=\"noopener\">portaria que regulamenta<\/a>\u00a0a aquisi\u00e7\u00e3o de im\u00f3veis p\u00fablicos por meio de cr\u00e9ditos reconhecidos definitivamente pela Justi\u00e7a, como ocorre com os precat\u00f3rios.<img decoding=\"async\" src=\"https:\/\/agenciabrasil.ebc.com.br\/ebc.png?id=1492647&amp;o=node\" \/><img decoding=\"async\" src=\"https:\/\/agenciabrasil.ebc.com.br\/ebc.gif?id=1492647&amp;o=node\" \/><\/p>\n<p>O uso de precat\u00f3rios para comprar im\u00f3veis vendidos pela Uni\u00e3o j\u00e1 estava previsto pela\u00a0<a href=\"http:\/\/www.planalto.gov.br\/ccivil_03\/constituicao\/emendas\/emc\/emc113.htm\" target=\"_blank\" rel=\"noopener\">Emenda Constitucional 113\/2021<\/a>, promulgada ano passado, mas precisava de regulamenta\u00e7\u00e3o para entrar em vigor. At\u00e9 agora, o pagamento s\u00f3 poderia ser feito por meio de moeda corrente.<\/p>\n<p>Segundo a Secretaria de Coordena\u00e7\u00e3o e Governan\u00e7a do Patrim\u00f4nio da Uni\u00e3o (SPU), a Uni\u00e3o j\u00e1 recebeu a primeira oferta de precat\u00f3rio para a venda de im\u00f3veis. A proposta foi registrada na concorr\u00eancia p\u00fablica para vender um galp\u00e3o do extinto Instituto Brasileiro do Caf\u00e9 (IBC) no Esp\u00edrito Santo.<\/p>\n<h2>Como vai funcionar<\/h2>\n<p>Os editais de venda de im\u00f3veis a serem publicados pela SPU passar\u00e3o a mencionar expressamente a possibilidade de uso de precat\u00f3rios ou de outros tipos de cr\u00e9ditos reconhecidos pela Justi\u00e7a, pr\u00f3prios ou adquiridos por terceiros, para quitar as transa\u00e7\u00f5es. O \u00f3rg\u00e3o esclarece que a possibilidade tamb\u00e9m vale para os editais j\u00e1 publicados, mesmo que n\u00e3o fa\u00e7am a men\u00e7\u00e3o espec\u00edfica.<\/p>\n<p>Ao indicar a op\u00e7\u00e3o pela nova regra, a pessoa f\u00edsica ou a empresa dever\u00e1 apresentar, ap\u00f3s convoca\u00e7\u00e3o para pagamento, documentos que mostrem que os cr\u00e9ditos ofertados s\u00e3o pr\u00f3prios ou adquiridos de terceiros, bem como sua certeza e liquidez.<\/p>\n<p>O prazo para a quita\u00e7\u00e3o do im\u00f3vel ser\u00e1 de 30 dias a partir do recebimento da notifica\u00e7\u00e3o, o mesmo intervalo em vigor para os pagamentos em moeda corrente. Ap\u00f3s esse prazo, at\u00e9 120 dias ap\u00f3s a convoca\u00e7\u00e3o, o vencedor ainda poder\u00e1 quitar o valor devido, mas pagar\u00e1 corre\u00e7\u00e3o monet\u00e1ria pelo \u00cdndice Nacional de Pre\u00e7os ao Consumidor Amplo (IPCA) e juros de mora de 0,5% ao m\u00eas, pro rata.<\/p>\n<p>Caso os cr\u00e9ditos ofertados sejam indeferidos, parcialmente ou totalmente, por falta de documenta\u00e7\u00e3o necess\u00e1ria, a proposta ser\u00e1 desclassificada, podendo ser aplicadas outras penalidades previstas em edital. Nesse caso, a SPU notificar\u00e1 o adquirente para substitui\u00e7\u00e3o total ou parcial dos cr\u00e9ditos ou realiza\u00e7\u00e3o do pagamento por outra modalidade admitida, respeitados os prazos m\u00e1ximos estabelecidos em edital.<\/p>\n<p>As pessoas f\u00edsicas e as empresas poder\u00e3o consultar a rela\u00e7\u00e3o dos im\u00f3veis da Uni\u00e3o dispon\u00edveis para venda no\u00a0<a href=\"https:\/\/imoveis.economia.gov.br\/\" target=\"_blank\" rel=\"noopener\">Portal VendasGov<\/a>. As concorr\u00eancias p\u00fablicas ocorrem diariamente.<\/p>\n<p><span style=\"font-weight: 400;\">Fonte: Ag\u00eancia Brasil <\/span><\/p>\n","protected":false},"excerpt":{"rendered":"<p>A partir de agora, o cidad\u00e3o pode usar precat\u00f3rios \u2013 d\u00edvidas do governo com pessoas f\u00edsicas e empresas \u2013 para comprar im\u00f3veis da Uni\u00e3o. O Minist\u00e9rio da Economia publicou hoje (7) no\u00a0Di\u00e1rio Oficial da Uni\u00e3o\u00a0portaria que regulamenta\u00a0a aquisi\u00e7\u00e3o de im\u00f3veis p\u00fablicos por meio de cr\u00e9ditos reconhecidos definitivamente pela Justi\u00e7a, como ocorre com os precat\u00f3rios. O [&hellip;]<\/p>\n","protected":false},"author":246,"featured_media":206287,"comment_status":"closed","ping_status":"closed","sticky":false,"template":"","format":"standard","meta":{"footnotes":""},"categories":[436,261,439],"tags":[],"class_list":["post-206286","post","type-post","status-publish","format-standard","has-post-thumbnail","hentry","category-destaque-da-semana","category-economia","category-ultima-hora"],"_links":{"self":[{"href":"https:\/\/diarioregionaldigital.com.br\/index.php?rest_route=\/wp\/v2\/posts\/206286","targetHints":{"allow":["GET"]}}],"collection":[{"href":"https:\/\/diarioregionaldigital.com.br\/index.php?rest_route=\/wp\/v2\/posts"}],"about":[{"href":"https:\/\/diarioregionaldigital.com.br\/index.php?rest_route=\/wp\/v2\/types\/post"}],"author":[{"embeddable":true,"href":"https:\/\/diarioregionaldigital.com.br\/index.php?rest_route=\/wp\/v2\/users\/246"}],"replies":[{"embeddable":true,"href":"https:\/\/diarioregionaldigital.com.br\/index.php?rest_route=%2Fwp%2Fv2%2Fcomments&post=206286"}],"version-history":[{"count":1,"href":"https:\/\/diarioregionaldigital.com.br\/index.php?rest_route=\/wp\/v2\/posts\/206286\/revisions"}],"predecessor-version":[{"id":206288,"href":"https:\/\/diarioregionaldigital.com.br\/index.php?rest_route=\/wp\/v2\/posts\/206286\/revisions\/206288"}],"wp:featuredmedia":[{"embeddable":true,"href":"https:\/\/diarioregionaldigital.com.br\/index.php?rest_route=\/wp\/v2\/media\/206287"}],"wp:attachment":[{"href":"https:\/\/diarioregionaldigital.com.br\/index.php?rest_route=%2Fwp%2Fv2%2Fmedia&parent=206286"}],"wp:term":[{"taxonomy":"category","embeddable":true,"href":"https:\/\/diarioregionaldigital.com.br\/index.php?rest_route=%2Fwp%2Fv2%2Fcategories&post=206286"},{"taxonomy":"post_tag","embeddable":true,"href":"https:\/\/diarioregionaldigital.com.br\/index.php?rest_route=%2Fwp%2Fv2%2Ftags&post=206286"}],"curies":[{"name":"wp","href":"https:\/\/api.w.org\/{rel}","templated":true}]}}