{"id":206280,"date":"2022-11-07T19:58:57","date_gmt":"2022-11-07T22:58:57","guid":{"rendered":"https:\/\/diarioregionaldigital.com.br\/?p=206280"},"modified":"2022-11-07T19:58:57","modified_gmt":"2022-11-07T22:58:57","slug":"dolar-sobe-para-r-517-com-incertezas-sobre-equipe-economica","status":"publish","type":"post","link":"https:\/\/diarioregionaldigital.com.br\/?p=206280","title":{"rendered":"D\u00f3lar sobe para R$ 5,17 com incertezas sobre equipe econ\u00f4mica"},"content":{"rendered":"<p>Em um dia de ajustes no mercado financeiro, o d\u00f3lar subiu mais de 2% e a bolsa teve forte queda. A falta de defini\u00e7\u00e3o sobre a equipe econ\u00f4mica do futuro governo provocou um movimento de corre\u00e7\u00e3o ap\u00f3s uma semana de altas no mercado de a\u00e7\u00f5es e de queda na cota\u00e7\u00e3o moeda norte-americana.<img decoding=\"async\" src=\"https:\/\/agenciabrasil.ebc.com.br\/ebc.png?id=1492688&amp;o=node\" \/><img decoding=\"async\" src=\"https:\/\/agenciabrasil.ebc.com.br\/ebc.gif?id=1492688&amp;o=node\" \/><\/p>\n<p>O d\u00f3lar comercial encerrou esta segunda-feira (7) vendido a R$ 5,173, com alta de R$ 0,111 (+2,19%). A cota\u00e7\u00e3o abriu em alta, chegou a operar pr\u00f3xima da estabilidade por volta das 11h, mas disparou a partir do fim da manh\u00e3, at\u00e9 fechar na m\u00e1xima do dia.<\/p>\n<p>Com o desempenho de hoje, a moeda norte-americana passou a acumular alta de 0,14% em novembro. Em 2022, a divisa cai 7,23%.<\/p>\n<p>No mercado de a\u00e7\u00f5es, o dia tamb\u00e9m foi tenso. O \u00edndice Ibovespa, da B3, fechou aos 115.342 pontos, com recuo de 2,38%, ap\u00f3s operar pr\u00f3ximo da estabilidade durante boa parte da manh\u00e3.<\/p>\n<p>Parte do fluxo de capitais estrangeiros que entrou no pa\u00eds na \u00faltima semana retornou ao exterior na falta de an\u00fancios sobre a composi\u00e7\u00e3o da equipe econ\u00f4mica do governo do presidente eleito Luiz In\u00e1cio Lula da Silva. A bolsa brasileira descolou-se das bolsas norte-americanas, que subiram nesta segunda.<\/p>\n<p>Not\u00edcias mistas sobre o afrouxamento da pol\u00edtica de\u00a0<em>lockdowns<\/em>\u00a0na China tamb\u00e9m contribu\u00edram para o mal-estar nos pa\u00edses emergentes, principalmente os que vendem\u00a0<em>commodities<\/em>\u00a0(bens prim\u00e1rios com cota\u00e7\u00e3o internacional) para a segunda maior economia do planeta.<\/p>\n<p>O governo chin\u00eas n\u00e3o anunciou um cronograma de retirada das restri\u00e7\u00f5es sociais em regi\u00f5es afetadas por surtos de covid-19, o que fez o petr\u00f3leo e o min\u00e9rio ca\u00edrem no mercado internacional.<\/p>\n<p><span style=\"font-weight: 400;\">Fonte: Ag\u00eancia Brasil <\/span><\/p>\n","protected":false},"excerpt":{"rendered":"<p>Em um dia de ajustes no mercado financeiro, o d\u00f3lar subiu mais de 2% e a bolsa teve forte queda. A falta de defini\u00e7\u00e3o sobre a equipe econ\u00f4mica do futuro governo provocou um movimento de corre\u00e7\u00e3o ap\u00f3s uma semana de altas no mercado de a\u00e7\u00f5es e de queda na cota\u00e7\u00e3o moeda norte-americana. O d\u00f3lar comercial [&hellip;]<\/p>\n","protected":false},"author":246,"featured_media":206281,"comment_status":"closed","ping_status":"closed","sticky":false,"template":"","format":"standard","meta":{"footnotes":""},"categories":[436,440,261,439],"tags":[],"class_list":["post-206280","post","type-post","status-publish","format-standard","has-post-thumbnail","hentry","category-destaque-da-semana","category-destaques-do-dia","category-economia","category-ultima-hora"],"_links":{"self":[{"href":"https:\/\/diarioregionaldigital.com.br\/index.php?rest_route=\/wp\/v2\/posts\/206280","targetHints":{"allow":["GET"]}}],"collection":[{"href":"https:\/\/diarioregionaldigital.com.br\/index.php?rest_route=\/wp\/v2\/posts"}],"about":[{"href":"https:\/\/diarioregionaldigital.com.br\/index.php?rest_route=\/wp\/v2\/types\/post"}],"author":[{"embeddable":true,"href":"https:\/\/diarioregionaldigital.com.br\/index.php?rest_route=\/wp\/v2\/users\/246"}],"replies":[{"embeddable":true,"href":"https:\/\/diarioregionaldigital.com.br\/index.php?rest_route=%2Fwp%2Fv2%2Fcomments&post=206280"}],"version-history":[{"count":1,"href":"https:\/\/diarioregionaldigital.com.br\/index.php?rest_route=\/wp\/v2\/posts\/206280\/revisions"}],"predecessor-version":[{"id":206282,"href":"https:\/\/diarioregionaldigital.com.br\/index.php?rest_route=\/wp\/v2\/posts\/206280\/revisions\/206282"}],"wp:featuredmedia":[{"embeddable":true,"href":"https:\/\/diarioregionaldigital.com.br\/index.php?rest_route=\/wp\/v2\/media\/206281"}],"wp:attachment":[{"href":"https:\/\/diarioregionaldigital.com.br\/index.php?rest_route=%2Fwp%2Fv2%2Fmedia&parent=206280"}],"wp:term":[{"taxonomy":"category","embeddable":true,"href":"https:\/\/diarioregionaldigital.com.br\/index.php?rest_route=%2Fwp%2Fv2%2Fcategories&post=206280"},{"taxonomy":"post_tag","embeddable":true,"href":"https:\/\/diarioregionaldigital.com.br\/index.php?rest_route=%2Fwp%2Fv2%2Ftags&post=206280"}],"curies":[{"name":"wp","href":"https:\/\/api.w.org\/{rel}","templated":true}]}}