{"id":206277,"date":"2022-11-06T06:00:24","date_gmt":"2022-11-06T09:00:24","guid":{"rendered":"https:\/\/diarioregionaldigital.com.br\/?p=206277"},"modified":"2022-11-04T23:11:50","modified_gmt":"2022-11-05T02:11:50","slug":"o-mestre-said-ali","status":"publish","type":"post","link":"https:\/\/diarioregionaldigital.com.br\/?p=206277","title":{"rendered":"O mestre Said Ali"},"content":{"rendered":"<p>Numa das \u00faltimas sess\u00f5es plen\u00e1rias da Academia Brasileira de Letras, o professor Evanildo \u00a0Bechara, que ilustra a sua Comiss\u00e3o de\u00a0 Lexicografia e Lexicologia, resolveu prestar homenagem \u00e0 mem\u00f3ria do saudoso mestre Saidi Ali, nascido na cidade serrana de Petr\u00f3polis. Lembrou que ele foi autor de diversas obras importantes da nossa literatura, inclusive no campo infantil, e brilhou no magist\u00e9rio, lecionando Alem\u00e3o no Col\u00e9gio Pedro II.<\/p>\n<p>Embora n\u00e3o tenha dado aulas de L\u00edngua Portuguesa, Said Ali empreendeu estudos relativos\u00a0 \u00e0 mat\u00e9ria, que foram util\u00edssimos aos nossos mestres. Escreveu Gram\u00e1ticas (Hist\u00f3rica, Secund\u00e1ria e Elementar) e meios de express\u00e3o e altera\u00e7\u00f5es sem\u00e2nticas e sua verifica\u00e7\u00e3o portuguesa. Como afirmou Bechara, com isso Said Ali demonstrou sinal de sua extraordin\u00e1ria cultura e fina sensibilidade para interpretar fatos lingu\u00edsticos. O disc\u00edpulo Evanildo Bechara reuniu esses estudos no livro \u201cInvestiga\u00e7\u00f5es \u00a0Filol\u00f3gicas\u201d.<\/p>\n<p>Essas pesquisas foram consideradas original\u00edssimas. Escreveu \u201cO hendecass\u00edlabo\u201d, onde aproveitou material recolhido das v\u00e1rias l\u00ednguas estudadas, menos o japon\u00eas e o hebraico. Foi uma fake news a informa\u00e7\u00e3o de que era mestre nessas l\u00ednguas, o que n\u00e3o \u00e9 verdade.<\/p>\n<p>Um exame cuidadoso desse autor n\u00e3o pode ser conclu\u00eddo sem que se estudem as influ\u00eancias do saber filol\u00f3gico de Capistrano de Abreu, a quem ele era muito grato: \u201cO meu colega Capistrano de Abreu, n\u00e3o lhe bastando por \u00e0 minha disposi\u00e7\u00e3o os tesouros da sua biblioteca, auxiliou-me inda na penosa tarefa de rever provas, sugerindo-me o seu saber opulento \u00a0proveitosos acr\u00e9scimos e modifica\u00e7\u00f5es.\u201d<\/p>\n<p>Em todos os assuntos que teve entre m\u00e3os, o prof. Saidi Ali, n\u00e3o contente com os louros de uma reforma salutar no ensino das l\u00ednguas estrangeiras, como introdutor, entre n\u00f3s, do m\u00e9todo direto, procurou espargir as luzes do seu saber imenso, diz Bechara, no campo da filologia portuguesa. Dele disse o renomado mestre Jos\u00e9 Oiticica: \u201cNele o investigador erudito se emparelha com o fil\u00f3logo de vistas largas, consciente da evolu\u00e7\u00e3o dos fatos e da a\u00e7\u00e3o modificadora das leis g\u00f3ticas. Sua probidade cient\u00edfica e seu m\u00e9todo s\u00e3o inatac\u00e1veis.\u201d<\/p>\n<p>\u00c9 a lembran\u00e7a de um extraordin\u00e1rio mestre.<\/p>\n","protected":false},"excerpt":{"rendered":"<p>Numa das \u00faltimas sess\u00f5es plen\u00e1rias da Academia Brasileira de Letras, o professor Evanildo \u00a0Bechara, que ilustra a sua Comiss\u00e3o de\u00a0 Lexicografia e Lexicologia, resolveu prestar homenagem \u00e0 mem\u00f3ria do saudoso mestre Saidi Ali, nascido na cidade serrana de Petr\u00f3polis. Lembrou que ele foi autor de diversas obras importantes da nossa literatura, inclusive no campo infantil, [&hellip;]<\/p>\n","protected":false},"author":96,"featured_media":0,"comment_status":"closed","ping_status":"closed","sticky":false,"template":"","format":"standard","meta":{"footnotes":""},"categories":[275],"tags":[],"class_list":["post-206277","post","type-post","status-publish","format-standard","hentry","category-arnaldo-niskier"],"_links":{"self":[{"href":"https:\/\/diarioregionaldigital.com.br\/index.php?rest_route=\/wp\/v2\/posts\/206277","targetHints":{"allow":["GET"]}}],"collection":[{"href":"https:\/\/diarioregionaldigital.com.br\/index.php?rest_route=\/wp\/v2\/posts"}],"about":[{"href":"https:\/\/diarioregionaldigital.com.br\/index.php?rest_route=\/wp\/v2\/types\/post"}],"author":[{"embeddable":true,"href":"https:\/\/diarioregionaldigital.com.br\/index.php?rest_route=\/wp\/v2\/users\/96"}],"replies":[{"embeddable":true,"href":"https:\/\/diarioregionaldigital.com.br\/index.php?rest_route=%2Fwp%2Fv2%2Fcomments&post=206277"}],"version-history":[{"count":1,"href":"https:\/\/diarioregionaldigital.com.br\/index.php?rest_route=\/wp\/v2\/posts\/206277\/revisions"}],"predecessor-version":[{"id":206278,"href":"https:\/\/diarioregionaldigital.com.br\/index.php?rest_route=\/wp\/v2\/posts\/206277\/revisions\/206278"}],"wp:attachment":[{"href":"https:\/\/diarioregionaldigital.com.br\/index.php?rest_route=%2Fwp%2Fv2%2Fmedia&parent=206277"}],"wp:term":[{"taxonomy":"category","embeddable":true,"href":"https:\/\/diarioregionaldigital.com.br\/index.php?rest_route=%2Fwp%2Fv2%2Fcategories&post=206277"},{"taxonomy":"post_tag","embeddable":true,"href":"https:\/\/diarioregionaldigital.com.br\/index.php?rest_route=%2Fwp%2Fv2%2Ftags&post=206277"}],"curies":[{"name":"wp","href":"https:\/\/api.w.org\/{rel}","templated":true}]}}