{"id":206268,"date":"2022-11-04T18:58:13","date_gmt":"2022-11-04T21:58:13","guid":{"rendered":"https:\/\/diarioregionaldigital.com.br\/?p=206268"},"modified":"2022-11-04T18:58:13","modified_gmt":"2022-11-04T21:58:13","slug":"prefeitura-realiza-programacao-do-novembro-verde","status":"publish","type":"post","link":"https:\/\/diarioregionaldigital.com.br\/?p=206268","title":{"rendered":"Prefeitura realiza programa\u00e7\u00e3o do Novembro Verde"},"content":{"rendered":"<p>Segundo informa\u00e7\u00f5es do site da Prefeitura de Juiz de Fora (PJF), neste m\u00eas de novembro, a Prefeitura de Juiz de Fora (PJF) realiza uma programa\u00e7\u00e3o especial em comemora\u00e7\u00e3o ao Novembro Verde, iniciativa que busca a valoriza\u00e7\u00e3o e a divulga\u00e7\u00e3o da Homeopatia.<\/p>\n<p>Nesse sentido, o Servi\u00e7o de Pr\u00e1ticas Integrativas e Complementares (Spic), da Secretaria de Sa\u00fade (SS), programou, entre os dias 7 e 9 de novembro, uma s\u00e9rie eventos especiais com o intuito de divulgar o tratamento homeop\u00e1tico.<\/p>\n<p>No dia 7 de novembro, segunda-feira, o PAM Marechal recebe roda de conversa, \u00e0s 14h, com o Dr. Paulo Nabuco. As inscri\u00e7\u00f5es s\u00e3o voltadas para todos os p\u00fablicos e devem ser feitas pelo telefone\u00a03690-7130\u00a0ou pelo e-mail dpicambulatorio@pjf.mg.gov.br. Na ter\u00e7a-feira, 8, a popula\u00e7\u00e3o ter\u00e1 acesso \u00e0 Tenda Medicina e Arte, de 9h \u00e0s 13h, com divulga\u00e7\u00e3o da homeopatia, aferi\u00e7\u00e3o de press\u00e3o, atividades art\u00edsticas e outras pr\u00e1ticas integrativas e complementares.<\/p>\n<p>No dia 9, quarta-feira, o audit\u00f3rio do Centro de Vigil\u00e2ncia em Sa\u00fade, na Avenida dos Andradas, 523, recebe o Semin\u00e1rio Acad\u00eamico, a partir das 14h. M\u00e9dicos e farmac\u00eauticos discutir\u00e3o sobre o tratamento homeop\u00e1tico, com espa\u00e7o para debate. O evento \u00e9 voltado para estudantes, profissionais e gestores. N\u00e3o h\u00e1 necessidade de inscri\u00e7\u00e3o, mas o p\u00fablico m\u00e1ximo ser\u00e1 condicionado \u00e0 capacidade do local.<\/p>\n<p>O Spic possui atendimento em homeopatia e outras pr\u00e1ticas integrativas e complementares de Sa\u00fade, com farm\u00e1cia pr\u00f3pria para manipula\u00e7\u00e3o dos medicamentos. Em funcionamento desde 1995, o servi\u00e7o atende a toda popula\u00e7\u00e3o de Juiz de Fora.<\/p>\n<p>Para ser atendido, o usu\u00e1rio deve ligar para o n\u00famero 3690-7130 ou ir presencialmente na secretaria que fica no terceiro andar do Pam Marechal, sala 307, e solicitar a marca\u00e7\u00e3o. Ser\u00e1 agendado uma reuni\u00e3o de primeira vez para o acolhimento e, em seguida, o usu\u00e1rio ter\u00e1 um dia de agendamento para consulta m\u00e9dica.<\/p>\n<p><strong>Confira a programa\u00e7\u00e3o:<\/strong><\/p>\n<p><strong>Dia 7<\/strong><br \/>\n<strong>Roda de Conversa &#8211; 14h<\/strong><br \/>\nDr. Pedro Paulo Nabuco &#8211; M\u00e9dico Homeopata<\/p>\n<p>Local: 2\u00ba Andar Pam Marechal<\/p>\n<p>Vagas Limitadas &#8211; Inscri\u00e7\u00f5es: (32) 3690 &#8211; 7130\u00a0ou pelo e-mail dpicambulatorio@pjf.mg.gov.br<\/p>\n<p><strong>Dia 8<\/strong><\/p>\n<p><strong>Tenda Medicina e Arte &#8211; 9h \u00e0s 13h<\/strong><\/p>\n<p>Divulga\u00e7\u00e3o da homeopatia, aferi\u00e7\u00e3o de press\u00e3o, atividades art\u00edsticas (10h30 &#8211; dan\u00e7a circular\/ 12h &#8211; Coral Cesama) e outras pr\u00e1ticas integrativas e complementares<\/p>\n<p>Local: Galeria do Pam Marechal<\/p>\n<p><strong>Dia 9<\/p>\n<p>Semin\u00e1rio Acad\u00eamico &#8211; 14h \u00e0s 16h<\/strong><\/p>\n<p>Local: Audit\u00f3rio Centro de Vigil\u00e2ncia em Sa\u00fade &#8211; Av. dos Andradas, 523<\/p>\n<p><strong>14h<\/strong>:Abertura Filomena Karla de Castro Monteiro &#8211; Farmac\u00eautica Supervisora do Spic<\/p>\n<p><strong>14h10<\/strong>: Especialidade M\u00e9dica Homeop\u00e1tica em Juiz de Fora &#8211; Dra. Walcymar Leonel Estrela &#8211; M\u00e9dica Homeop\u00e1tica<\/p>\n<p><strong>14h40<\/strong>: Coffee Break<\/p>\n<p><strong>15h<\/strong>: Homeopatia na Pandemia e G\u00eanio Epid\u00eamico &#8211; Dra. Adriana Bisaggio Ligorio &#8211; M\u00e9dica Homeopata<\/p>\n<p><strong>15h30<\/strong>: Utiliza\u00e7\u00e3o da Homeopatia no aux\u00edlio e enfrentamento da Covid-19 em Juiz de Fora &#8211; Christiane Lima Machado &#8211; Farmac\u00eautica Spic<\/p>\n<p><strong>16h<\/strong>: Debate sobre o exposto<\/p>\n","protected":false},"excerpt":{"rendered":"<p>Segundo informa\u00e7\u00f5es do site da Prefeitura de Juiz de Fora (PJF), neste m\u00eas de novembro, a Prefeitura de Juiz de Fora (PJF) realiza uma programa\u00e7\u00e3o especial em comemora\u00e7\u00e3o ao Novembro Verde, iniciativa que busca a valoriza\u00e7\u00e3o e a divulga\u00e7\u00e3o da Homeopatia. Nesse sentido, o Servi\u00e7o de Pr\u00e1ticas Integrativas e Complementares (Spic), da Secretaria de Sa\u00fade [&hellip;]<\/p>\n","protected":false},"author":246,"featured_media":0,"comment_status":"closed","ping_status":"closed","sticky":false,"template":"","format":"standard","meta":{"footnotes":""},"categories":[253,436,439],"tags":[],"class_list":["post-206268","post","type-post","status-publish","format-standard","hentry","category-cidade","category-destaque-da-semana","category-ultima-hora"],"_links":{"self":[{"href":"https:\/\/diarioregionaldigital.com.br\/index.php?rest_route=\/wp\/v2\/posts\/206268","targetHints":{"allow":["GET"]}}],"collection":[{"href":"https:\/\/diarioregionaldigital.com.br\/index.php?rest_route=\/wp\/v2\/posts"}],"about":[{"href":"https:\/\/diarioregionaldigital.com.br\/index.php?rest_route=\/wp\/v2\/types\/post"}],"author":[{"embeddable":true,"href":"https:\/\/diarioregionaldigital.com.br\/index.php?rest_route=\/wp\/v2\/users\/246"}],"replies":[{"embeddable":true,"href":"https:\/\/diarioregionaldigital.com.br\/index.php?rest_route=%2Fwp%2Fv2%2Fcomments&post=206268"}],"version-history":[{"count":1,"href":"https:\/\/diarioregionaldigital.com.br\/index.php?rest_route=\/wp\/v2\/posts\/206268\/revisions"}],"predecessor-version":[{"id":206270,"href":"https:\/\/diarioregionaldigital.com.br\/index.php?rest_route=\/wp\/v2\/posts\/206268\/revisions\/206270"}],"wp:attachment":[{"href":"https:\/\/diarioregionaldigital.com.br\/index.php?rest_route=%2Fwp%2Fv2%2Fmedia&parent=206268"}],"wp:term":[{"taxonomy":"category","embeddable":true,"href":"https:\/\/diarioregionaldigital.com.br\/index.php?rest_route=%2Fwp%2Fv2%2Fcategories&post=206268"},{"taxonomy":"post_tag","embeddable":true,"href":"https:\/\/diarioregionaldigital.com.br\/index.php?rest_route=%2Fwp%2Fv2%2Ftags&post=206268"}],"curies":[{"name":"wp","href":"https:\/\/api.w.org\/{rel}","templated":true}]}}