{"id":206265,"date":"2022-11-04T18:56:42","date_gmt":"2022-11-04T21:56:42","guid":{"rendered":"https:\/\/diarioregionaldigital.com.br\/?p=206265"},"modified":"2022-11-04T18:56:42","modified_gmt":"2022-11-04T21:56:42","slug":"1-encontro-de-mulheres-empreendedoras-acontece-neste-sabado-5","status":"publish","type":"post","link":"https:\/\/diarioregionaldigital.com.br\/?p=206265","title":{"rendered":"1\u00b0 Encontro de Mulheres Empreendedoras acontece neste s\u00e1bado, 5"},"content":{"rendered":"<p>Segundo informa\u00e7\u00f5es do site da Prefeitura de Juiz de Fora (PJF), em a\u00e7\u00e3o conjunta da Funda\u00e7\u00e3o Cultural Alfredo Ferreira Lage (Funalfa) e da Secretaria de Desenvolvimento Sustent\u00e1vel e Inclusivo, da Inova\u00e7\u00e3o e Competitividade (Sedic), promove neste s\u00e1bado, 5 , o encontro \u201cEmpreender e Realizar\u201d.<\/p>\n<p>O evento acontece no m\u00eas em que \u00e9 celebrado o Dia Mundial do Empreendedorismo Feminino, propondo a cria\u00e7\u00e3o de uma rede entre mulheres empreendedoras e mulheres que desejam empreender nas mais diversas \u00e1reas, al\u00e9m de incentivar o empreendedorismo feminino e capacitar, impactar e melhorar a vida das mulheres.<\/p>\n<p>A programa\u00e7\u00e3o conta com uma Feira Empreendedora e oficinas, no Espa\u00e7o Cidade, e palestras, que acontecem no Teatro Jo\u00e3o Carri\u00e7o, localizados na Avenida Rio Branco 2234, Centro. Interessados podem se inscrever atrav\u00e9s deste<strong>\u00a0<\/strong><a href=\"https:\/\/www.sympla.com.br\/evento\/empreender-e-realizar-1o-encontro-de-mulheres-empreendedoras-grupo-mulheres-do-brasil-juiz-de-fora\/1762638\"><strong>link<\/strong><\/a>.<\/p>\n<p><strong>Confira a programa\u00e7\u00e3o:\u00a0<\/strong><br \/>\n<strong>Palestras<\/strong><\/p>\n<p>09h &#8211; Recep\u00e7\u00e3o e boas vindas<br \/>\n09h30 &#8211; Desafios do Empreender Feminino<br \/>\n09h50 &#8211; Pre\u00e7o de venda<br \/>\n10h30 &#8211; Venda-se!<br \/>\n10h50 &#8211; Quem tem um sonho n\u00e3o dan\u00e7a<br \/>\n11h30 &#8211; Entenda a responsabilidade de ser MEI<br \/>\n11h50 &#8211; Desmistificando o MEI, a vida real da Empreendedora<br \/>\n12h30 &#8211; Intervalo para almo\u00e7o<br \/>\n13h30 &#8211; Mulheres poderosas, princ\u00edpios para ter sucesso profissional<br \/>\n13h50 &#8211; Sicredi<br \/>\n14h30 &#8211; Vil\u00e3o e mocinho das redes sociais<br \/>\n14h50 &#8211; Voc\u00ea fica t\u00e3o bonita quando se veste de s\u00ed<br \/>\n15h30 &#8211; Mentalidade Empreenderora<br \/>\n15h50 &#8211; O poder transformador do Branding<br \/>\n16h30 &#8211; O lugar da mulher \u00e9 onde ela quiser<br \/>\n17h10 &#8211; Encerramento<br \/>\n17h20 &#8211; Apresenta\u00e7\u00e3o musical: Mulheres do Samba<\/p>\n<p><strong>Feira Empreendedora e oficinas:<\/strong><br \/>\n10h \u00e0s 15h &#8211; Feira Empreendedora<br \/>\n10h \u00e0s 11h &#8211; Oficina Bijuteria<br \/>\n10h \u00e0s 11h &#8211; Oficina Turbante<br \/>\n14h \u00e0s 15h &#8211; Oficina de Tran\u00e7a<br \/>\n14h \u00e0s 15h &#8211; Oficina de La\u00e7os<\/p>\n","protected":false},"excerpt":{"rendered":"<p>Segundo informa\u00e7\u00f5es do site da Prefeitura de Juiz de Fora (PJF), em a\u00e7\u00e3o conjunta da Funda\u00e7\u00e3o Cultural Alfredo Ferreira Lage (Funalfa) e da Secretaria de Desenvolvimento Sustent\u00e1vel e Inclusivo, da Inova\u00e7\u00e3o e Competitividade (Sedic), promove neste s\u00e1bado, 5 , o encontro \u201cEmpreender e Realizar\u201d. O evento acontece no m\u00eas em que \u00e9 celebrado o Dia [&hellip;]<\/p>\n","protected":false},"author":246,"featured_media":206266,"comment_status":"closed","ping_status":"closed","sticky":false,"template":"","format":"standard","meta":{"footnotes":""},"categories":[253,436,439],"tags":[],"class_list":["post-206265","post","type-post","status-publish","format-standard","has-post-thumbnail","hentry","category-cidade","category-destaque-da-semana","category-ultima-hora"],"_links":{"self":[{"href":"https:\/\/diarioregionaldigital.com.br\/index.php?rest_route=\/wp\/v2\/posts\/206265","targetHints":{"allow":["GET"]}}],"collection":[{"href":"https:\/\/diarioregionaldigital.com.br\/index.php?rest_route=\/wp\/v2\/posts"}],"about":[{"href":"https:\/\/diarioregionaldigital.com.br\/index.php?rest_route=\/wp\/v2\/types\/post"}],"author":[{"embeddable":true,"href":"https:\/\/diarioregionaldigital.com.br\/index.php?rest_route=\/wp\/v2\/users\/246"}],"replies":[{"embeddable":true,"href":"https:\/\/diarioregionaldigital.com.br\/index.php?rest_route=%2Fwp%2Fv2%2Fcomments&post=206265"}],"version-history":[{"count":1,"href":"https:\/\/diarioregionaldigital.com.br\/index.php?rest_route=\/wp\/v2\/posts\/206265\/revisions"}],"predecessor-version":[{"id":206267,"href":"https:\/\/diarioregionaldigital.com.br\/index.php?rest_route=\/wp\/v2\/posts\/206265\/revisions\/206267"}],"wp:featuredmedia":[{"embeddable":true,"href":"https:\/\/diarioregionaldigital.com.br\/index.php?rest_route=\/wp\/v2\/media\/206266"}],"wp:attachment":[{"href":"https:\/\/diarioregionaldigital.com.br\/index.php?rest_route=%2Fwp%2Fv2%2Fmedia&parent=206265"}],"wp:term":[{"taxonomy":"category","embeddable":true,"href":"https:\/\/diarioregionaldigital.com.br\/index.php?rest_route=%2Fwp%2Fv2%2Fcategories&post=206265"},{"taxonomy":"post_tag","embeddable":true,"href":"https:\/\/diarioregionaldigital.com.br\/index.php?rest_route=%2Fwp%2Fv2%2Ftags&post=206265"}],"curies":[{"name":"wp","href":"https:\/\/api.w.org\/{rel}","templated":true}]}}