{"id":206259,"date":"2022-11-04T18:50:08","date_gmt":"2022-11-04T21:50:08","guid":{"rendered":"https:\/\/diarioregionaldigital.com.br\/?p=206259"},"modified":"2022-11-04T18:50:08","modified_gmt":"2022-11-04T21:50:08","slug":"gremio-encerra-serie-b-com-vitoria-sobre-o-brusque","status":"publish","type":"post","link":"https:\/\/diarioregionaldigital.com.br\/?p=206259","title":{"rendered":"Gr\u00eamio encerra S\u00e9rie B com vit\u00f3ria sobre o Brusque"},"content":{"rendered":"<p>O Gr\u00eamio se despediu da S\u00e9rie B, na noite desta quinta-feira (3) em Porto Alegre, com uma vit\u00f3ria de 3 a 0 sobre o Brusque na partida que abriu a 38\u00aa rodada da competi\u00e7\u00e3o.<img decoding=\"async\" src=\"https:\/\/agenciabrasil.ebc.com.br\/ebc.png?id=1492208&amp;o=node\" \/><img decoding=\"async\" src=\"https:\/\/agenciabrasil.ebc.com.br\/ebc.gif?id=1492208&amp;o=node\" \/><\/p>\n<p>Com o triunfo o Tricolor chegou aos 65 pontos, encerrando a competi\u00e7\u00e3o na vice-lideran\u00e7a. J\u00e1 o Quadricolor, que entrou em campo j\u00e1 rebaixado, permaneceu com 34 pontos, no 18\u00ba lugar.<\/p>\n<p>A equipe de Renato Ga\u00facho entrou em campo apenas para cumprir tabela, pois j\u00e1 tinha o acesso para a S\u00e9rie A garantido. Por\u00e9m, diante de sua torcida, o Gr\u00eamio buscou a vit\u00f3ria, e come\u00e7ou a constru\u00ed-la aos 18 minutos, quando Guilherme dominou na esquerda, partiu para o meio e soltou um chute de curva para superar o goleiro Jordan. O placar foi ampliado momentos antes do intervalo, quando Gabriel Silva aproveitou rebote e chutou para o fundo da meta advers\u00e1ria.<\/p>\n<p>E o mesmo Gabriel Silva deu n\u00fameros finais ao confronto j\u00e1 aos 29 minutos da etapa final. Diogo Barbosa fez lan\u00e7amento para o atacante, que dominou e se livrou de um marcador antes de soltar uma pancada para fechar a conta.<\/p>\n<p><span style=\"font-weight: 400;\">Fonte: Ag\u00eancia Brasil <\/span><\/p>\n","protected":false},"excerpt":{"rendered":"<p>O Gr\u00eamio se despediu da S\u00e9rie B, na noite desta quinta-feira (3) em Porto Alegre, com uma vit\u00f3ria de 3 a 0 sobre o Brusque na partida que abriu a 38\u00aa rodada da competi\u00e7\u00e3o. Com o triunfo o Tricolor chegou aos 65 pontos, encerrando a competi\u00e7\u00e3o na vice-lideran\u00e7a. J\u00e1 o Quadricolor, que entrou em campo [&hellip;]<\/p>\n","protected":false},"author":246,"featured_media":206260,"comment_status":"closed","ping_status":"closed","sticky":false,"template":"","format":"standard","meta":{"footnotes":""},"categories":[436,257,439],"tags":[],"class_list":["post-206259","post","type-post","status-publish","format-standard","has-post-thumbnail","hentry","category-destaque-da-semana","category-esporte","category-ultima-hora"],"_links":{"self":[{"href":"https:\/\/diarioregionaldigital.com.br\/index.php?rest_route=\/wp\/v2\/posts\/206259","targetHints":{"allow":["GET"]}}],"collection":[{"href":"https:\/\/diarioregionaldigital.com.br\/index.php?rest_route=\/wp\/v2\/posts"}],"about":[{"href":"https:\/\/diarioregionaldigital.com.br\/index.php?rest_route=\/wp\/v2\/types\/post"}],"author":[{"embeddable":true,"href":"https:\/\/diarioregionaldigital.com.br\/index.php?rest_route=\/wp\/v2\/users\/246"}],"replies":[{"embeddable":true,"href":"https:\/\/diarioregionaldigital.com.br\/index.php?rest_route=%2Fwp%2Fv2%2Fcomments&post=206259"}],"version-history":[{"count":1,"href":"https:\/\/diarioregionaldigital.com.br\/index.php?rest_route=\/wp\/v2\/posts\/206259\/revisions"}],"predecessor-version":[{"id":206261,"href":"https:\/\/diarioregionaldigital.com.br\/index.php?rest_route=\/wp\/v2\/posts\/206259\/revisions\/206261"}],"wp:featuredmedia":[{"embeddable":true,"href":"https:\/\/diarioregionaldigital.com.br\/index.php?rest_route=\/wp\/v2\/media\/206260"}],"wp:attachment":[{"href":"https:\/\/diarioregionaldigital.com.br\/index.php?rest_route=%2Fwp%2Fv2%2Fmedia&parent=206259"}],"wp:term":[{"taxonomy":"category","embeddable":true,"href":"https:\/\/diarioregionaldigital.com.br\/index.php?rest_route=%2Fwp%2Fv2%2Fcategories&post=206259"},{"taxonomy":"post_tag","embeddable":true,"href":"https:\/\/diarioregionaldigital.com.br\/index.php?rest_route=%2Fwp%2Fv2%2Ftags&post=206259"}],"curies":[{"name":"wp","href":"https:\/\/api.w.org\/{rel}","templated":true}]}}