{"id":206256,"date":"2022-11-04T18:47:31","date_gmt":"2022-11-04T21:47:31","guid":{"rendered":"https:\/\/diarioregionaldigital.com.br\/?p=206256"},"modified":"2022-11-04T18:47:31","modified_gmt":"2022-11-04T21:47:31","slug":"jogos-escolares-brasileiros-sao-abertos-com-mais-de-5-mil-atletas","status":"publish","type":"post","link":"https:\/\/diarioregionaldigital.com.br\/?p=206256","title":{"rendered":"Jogos Escolares Brasileiros s\u00e3o abertos com mais de 5 mil atletas"},"content":{"rendered":"<p>Os Jogos Escolares Brasileiros (JEBs) 2022 foram abertos no Rio de Janeiro na noite desta quinta-feira (3). A cerim\u00f4nia foi realizada na Arena da Juventude, no Complexo Esportivo de Deodoro, com as presen\u00e7as dos ministros da Cidadania, Ronaldo Bento, e da Educa\u00e7\u00e3o, Victor Godoy, al\u00e9m de ex-atletas ol\u00edmpicos brasileiros.<img decoding=\"async\" src=\"https:\/\/agenciabrasil.ebc.com.br\/ebc.png?id=1492224&amp;o=node\" \/><img decoding=\"async\" src=\"https:\/\/agenciabrasil.ebc.com.br\/ebc.gif?id=1492224&amp;o=node\" \/><\/p>\n<p>O evento \u00e9 voltado para atletas de 12 a 14 anos e segue at\u00e9 o dia 14 de novembro, realizado pela Confedera\u00e7\u00e3o Brasileira do Desporto Escolar (CBDE) em parceria com a Secretaria Especial do Esporte do Minist\u00e9rio da Cidadania.<\/p>\n<p>Nesta primeira semana, os estudantes-atletas de gin\u00e1stica art\u00edstica, jud\u00f4, carat\u00ea, taekwondo, xadrez, basquete, futsal e v\u00f4lei de praia come\u00e7am a disputa pelas medalhas. Esta edi\u00e7\u00e3o do JEBs re\u00fane 5.646 atletas das 27 unidades da federa\u00e7\u00e3o. A Secretaria Especial do Esporte do Minist\u00e9rio da Cidadania estabeleceu um termo de fomento com a CBDE no valor de R$ 15,9 milh\u00f5es para garantir as passagens a\u00e9reas necess\u00e1rias.<\/p>\n<p>Os JEB\u2019s re\u00fanem competi\u00e7\u00f5es de 17 modalidades: badminton, gin\u00e1stica art\u00edstica, gin\u00e1stica r\u00edtmica, xadrez, t\u00eanis de mesa, v\u00f4lei, basquete, futsal, handebol, jud\u00f4, taekwondo, carat\u00ea, wrestling, v\u00f4lei de praia, atletismo, ciclismo e nata\u00e7\u00e3o. Tamb\u00e9m ser\u00e3o realizadas provas de atletismo paral\u00edmpico e demonstradas disputas de surfe, skate e break dance.<\/p>\n<p>De 1976 a 2004, foram realizadas 18 edi\u00e7\u00f5es dos JEB\u2019s e, depois de 17 anos, o evento voltou a ocorrer em 2021 com a participa\u00e7\u00e3o de 5.114 estudantes-atletas, sendo 2.563 meninas e 2.551 meninos de 12 a 14 anos.<\/p>\n<p>O ministro da Cidadania destacou o a import\u00e2ncia dos JEBs para a forma\u00e7\u00e3o esportiva brasileira, principalmente para os jovens estudantes, que t\u00eam a oportunidade de desenvolver um contato mais pr\u00f3ximo com o esporte.<\/p>\n<p>\u201c\u00c9 fundamental o esporte como ferramenta de inclus\u00e3o social, que traz transforma\u00e7\u00e3o na vida de crian\u00e7as e adolescentes. Vai contribuir na forma\u00e7\u00e3o de cidad\u00e3os brasileiros. \u00c9 este o nosso prop\u00f3sito. Para al\u00e9m das medalhas que ser\u00e3o conquistadas aqui, \u00e9 o que o esporte ensina. Vai deixar de legado nesses meninos e meninas aqui presentes, deixando o esp\u00edrito de disciplina, esp\u00edrito de equipe e supera\u00e7\u00e3o\u201d, disse Bento.<\/p>\n<p>O ministro da Educa\u00e7\u00e3o ressaltou que ensino e esporte andam juntos na forma\u00e7\u00e3o de estudantes, de maneira complementar, atuando para despertar valores que se somam na vida de cada um.<\/p>\n<p>\u201cO esporte faz parte da forma\u00e7\u00e3o do cidad\u00e3o e n\u00f3s precisamos fortalecer o ensino e a pr\u00e1tica do ensino do esporte na escola. Precisamos revisar o nosso curr\u00edculo, colocar isso com mais for\u00e7a. A realiza\u00e7\u00e3o dos JEBs resgata essa integra\u00e7\u00e3o da escola com o esporte e traz valores como lideran\u00e7a, trabalho em equipe, perseveran\u00e7a e supera\u00e7\u00e3o. Quando aliados \u00e0 educa\u00e7\u00e3o, formam um cidad\u00e3o mais completo\u201d, disse Victor Godoy.<\/p>\n<p>O\u00a0<a href=\"https:\/\/www.youtube.com\/c\/CBDEBrasil\" target=\"_blank\" rel=\"noopener\">canal da CBDE no Youtube\u00a0<\/a>\u00a0vai transmitir os eventos ao vivo e o acesso do p\u00fablico aos locais de disputa \u00e9 gratuito. S\u00e3o tr\u00eas sedes. No Parque Ol\u00edmpico da Barra, ser\u00e3o usadas as estruturas das Arenas Cariocas 2 e 3, do Vel\u00f3dromo, do Centro Ol\u00edmpico de T\u00eanis e da Via Ol\u00edmpica. As outras sedes s\u00e3o a Universidade da For\u00e7a A\u00e9rea (Unifa) e a Arena da Juventude, no Completo Esportivo de Deodoro.<\/p>\n<p><span style=\"font-weight: 400;\">Fonte: Ag\u00eancia Brasil <\/span><\/p>\n","protected":false},"excerpt":{"rendered":"<p>Os Jogos Escolares Brasileiros (JEBs) 2022 foram abertos no Rio de Janeiro na noite desta quinta-feira (3). A cerim\u00f4nia foi realizada na Arena da Juventude, no Complexo Esportivo de Deodoro, com as presen\u00e7as dos ministros da Cidadania, Ronaldo Bento, e da Educa\u00e7\u00e3o, Victor Godoy, al\u00e9m de ex-atletas ol\u00edmpicos brasileiros. O evento \u00e9 voltado para atletas [&hellip;]<\/p>\n","protected":false},"author":246,"featured_media":206257,"comment_status":"closed","ping_status":"closed","sticky":false,"template":"","format":"standard","meta":{"footnotes":""},"categories":[436,257,439],"tags":[],"class_list":["post-206256","post","type-post","status-publish","format-standard","has-post-thumbnail","hentry","category-destaque-da-semana","category-esporte","category-ultima-hora"],"_links":{"self":[{"href":"https:\/\/diarioregionaldigital.com.br\/index.php?rest_route=\/wp\/v2\/posts\/206256","targetHints":{"allow":["GET"]}}],"collection":[{"href":"https:\/\/diarioregionaldigital.com.br\/index.php?rest_route=\/wp\/v2\/posts"}],"about":[{"href":"https:\/\/diarioregionaldigital.com.br\/index.php?rest_route=\/wp\/v2\/types\/post"}],"author":[{"embeddable":true,"href":"https:\/\/diarioregionaldigital.com.br\/index.php?rest_route=\/wp\/v2\/users\/246"}],"replies":[{"embeddable":true,"href":"https:\/\/diarioregionaldigital.com.br\/index.php?rest_route=%2Fwp%2Fv2%2Fcomments&post=206256"}],"version-history":[{"count":1,"href":"https:\/\/diarioregionaldigital.com.br\/index.php?rest_route=\/wp\/v2\/posts\/206256\/revisions"}],"predecessor-version":[{"id":206258,"href":"https:\/\/diarioregionaldigital.com.br\/index.php?rest_route=\/wp\/v2\/posts\/206256\/revisions\/206258"}],"wp:featuredmedia":[{"embeddable":true,"href":"https:\/\/diarioregionaldigital.com.br\/index.php?rest_route=\/wp\/v2\/media\/206257"}],"wp:attachment":[{"href":"https:\/\/diarioregionaldigital.com.br\/index.php?rest_route=%2Fwp%2Fv2%2Fmedia&parent=206256"}],"wp:term":[{"taxonomy":"category","embeddable":true,"href":"https:\/\/diarioregionaldigital.com.br\/index.php?rest_route=%2Fwp%2Fv2%2Fcategories&post=206256"},{"taxonomy":"post_tag","embeddable":true,"href":"https:\/\/diarioregionaldigital.com.br\/index.php?rest_route=%2Fwp%2Fv2%2Ftags&post=206256"}],"curies":[{"name":"wp","href":"https:\/\/api.w.org\/{rel}","templated":true}]}}