{"id":206253,"date":"2022-11-04T18:46:07","date_gmt":"2022-11-04T21:46:07","guid":{"rendered":"https:\/\/diarioregionaldigital.com.br\/?p=206253"},"modified":"2022-11-04T18:46:07","modified_gmt":"2022-11-04T21:46:07","slug":"rival-vascaino-ituano-quer-coroar-arrancada-com-1o-acesso-a-serie-a","status":"publish","type":"post","link":"https:\/\/diarioregionaldigital.com.br\/?p=206253","title":{"rendered":"Rival vasca\u00edno, Ituano quer coroar arrancada com 1\u00ba acesso \u00e0 S\u00e9rie A"},"content":{"rendered":"<p>Conhecida pelos &#8220;exageros&#8221;, a cidade de Itu, no interior de S\u00e3o Paulo, a 102 quil\u00f4metros da capital, \u00e9 a casa do Ituano Futebol Clube. O que nao \u00e9 exagero \u00e9 afirmar que o Galo rubro-negro ser\u00e1 uma enorme barreira para o Vasco na luta cruzmaltina para retornar \u00e0 S\u00e9rie A do Campeonato Brasileiro. Ainda mais porque a equipe paulista \u00e9 concorrente direta por um lugar na primeira divis\u00e3o nacional em 2023.<img decoding=\"async\" src=\"https:\/\/agenciabrasil.ebc.com.br\/ebc.png?id=1492071&amp;o=node\" \/><img decoding=\"async\" src=\"https:\/\/agenciabrasil.ebc.com.br\/ebc.gif?id=1492071&amp;o=node\" \/><\/p>\n<p>O Ituano ocupa o quinto lugar da S\u00e9rie B, com 57 pontos, dois a menos que o Vasco, que est\u00e1 em quarto, neste momento, levando a \u00faltima vaga \u00e0 S\u00e9rie A do ano que vem. Paulistas e cariocas estar\u00e3o frente a frente neste\u00a0domingo\u00a0(6), \u00e0s 18h30 (hor\u00e1rio de Bras\u00edlia), no est\u00e1dio Novelli J\u00fanior, em Itu, pela \u00faltima rodada. O empate basta para o Gigante da Colina assegurar o retorno \u00e0 elite, ap\u00f3s duas temporadas. J\u00e1 o time rubro-negro precisa apenas de uma vit\u00f3ria simples, em casa, para selar o acesso in\u00e9dito \u00e0 S\u00e9rie A em 75 anos de hist\u00f3ria do clube.<\/p>\n<p>&#8220;Acredito que, pelas circunst\u00e2ncias, sim [\u00e9 o jogo mais importante da hist\u00f3ria do Ituano]. Tivemos a final [do Campeonato Paulista] contra o Santos, em 2014, quando fomos campe\u00f5es. Um grande jogo. Mas a dimens\u00e3o de ser um Campeonato Brasileiro e com esse plano de fundo, uma decis\u00e3o na \u00faltima rodada, realmente, acredito que sim&#8221;, avaliou Paulo Silvestri, gestor de futebol do Ituano, em entrevista \u00e0 Ag\u00eancia Brasil.<\/p>\n<p>Lutar pelo acesso n\u00e3o estava nos planos do clube paulista\u00a0no in\u00edcio da S\u00e9rie B. De volta \u00e0\u00a0segunda\u00a0divis\u00e3o ap\u00f3s 15 anos, o Galo encerrou o primeiro turno na 16\u00aa coloca\u00e7\u00e3o, com 20 pontos, pr\u00f3ximo \u00e0 zona de rebaixamento. Na\u00a0segunda\u00a0metade da competi\u00e7\u00e3o, por\u00e9m, o time rubro-negro deslanchou. Em 18 rodadas, somou 39 pontos, assegurando, por antecipa\u00e7\u00e3o, a melhor campanha do segundo turno.<\/p>\n<p>&#8220;T\u00ednhamos o componente de reaprendermos a jogar a divis\u00e3o. Acredito que come\u00e7amos com cautela, um pouco com o freio de m\u00e3o puxado, mas percebemos \u00e0 tempo. Fizemos uma mudan\u00e7a na comiss\u00e3o [Mazola J\u00fanior, treinador campe\u00e3o da S\u00e9rie C com o Ituano em 2021, foi demitido na 17\u00aa rodada]. Nomeamos o Carlos Pimentel [que era auxiliar]. \u00c9 um excelente profissional, que est\u00e1 conosco h\u00e1 muito tempo, um estudioso do futebol, que conhecia bem o elenco. Com isso, viramos protagonistas&#8221;, analisou Silvestri, que n\u00e3o vincula o planejamento de 2023 ao eventual acesso.<\/p>\n<p>&#8220;Ao longo de mais\u00a0de 10 anos de gest\u00e3o profissional, a hist\u00f3ria mostra que, a cada ano, o Ituano precisa de progresso. Mais infraestrutura, mais recursos e chegar mais longe no que disputar. \u00c9 nossa regra. Queremos fazer um Campeonato Paulista forte. \u00c9 uma competi\u00e7\u00e3o dif\u00edcil e que conhecemos bem. Voltaremos \u00e0 Copa do Brasil, depois de uma longa aus\u00eancia [a \u00faltima participa\u00e7\u00e3o foi em 2018], o que \u00e9 muito importante para o Ituano. E teremos o Brasileiro, na s\u00e9rie que for. Queremos um 2023 melhor que 2022&#8221;, projetou o gestor.<\/p>\n<p>Na\u00a0quarta-feira (2), o Ituano informou que os ingressos para a decis\u00e3o contra o Vasco estavam esgotados. Foram colocados \u00e0 venda\u00a014.970 bilhetes. Em casa, o Galo de Itu tem o s\u00e9timo melhor desempenho entre os mandantes, com 10\u00a0vit\u00f3rias, seis empates e apenas duas derrotas &#8211; a \u00faltima delas h\u00e1 quatro meses.<\/p>\n<p>&#8220;N\u00e3o h\u00e1 favoritos, mas acredito que vamos vencer&#8221;, concluiu o dirigente.<\/p>\n<p>Se o Ituano conquistar o acesso, o futebol paulista dever\u00e1\u00a0ter\u00a0seis representantes na S\u00e9rie A de 2023.\u00a0A \u00faltima vez que o estado teve tantas equipes na elite foi em 2012, com Santos, S\u00e3o Paulo, Corinthians, Palmeiras, Ponte Preta e Portuguesa.<\/p>\n<p><span style=\"font-weight: 400;\">Fonte: Ag\u00eancia Brasil\u00a0<\/span><span style=\"font-weight: 400;\"><br \/>\n<\/span><\/p>\n","protected":false},"excerpt":{"rendered":"<p>Conhecida pelos &#8220;exageros&#8221;, a cidade de Itu, no interior de S\u00e3o Paulo, a 102 quil\u00f4metros da capital, \u00e9 a casa do Ituano Futebol Clube. O que nao \u00e9 exagero \u00e9 afirmar que o Galo rubro-negro ser\u00e1 uma enorme barreira para o Vasco na luta cruzmaltina para retornar \u00e0 S\u00e9rie A do Campeonato Brasileiro. Ainda mais [&hellip;]<\/p>\n","protected":false},"author":246,"featured_media":206254,"comment_status":"closed","ping_status":"closed","sticky":false,"template":"","format":"standard","meta":{"footnotes":""},"categories":[436,257,439],"tags":[],"class_list":["post-206253","post","type-post","status-publish","format-standard","has-post-thumbnail","hentry","category-destaque-da-semana","category-esporte","category-ultima-hora"],"_links":{"self":[{"href":"https:\/\/diarioregionaldigital.com.br\/index.php?rest_route=\/wp\/v2\/posts\/206253","targetHints":{"allow":["GET"]}}],"collection":[{"href":"https:\/\/diarioregionaldigital.com.br\/index.php?rest_route=\/wp\/v2\/posts"}],"about":[{"href":"https:\/\/diarioregionaldigital.com.br\/index.php?rest_route=\/wp\/v2\/types\/post"}],"author":[{"embeddable":true,"href":"https:\/\/diarioregionaldigital.com.br\/index.php?rest_route=\/wp\/v2\/users\/246"}],"replies":[{"embeddable":true,"href":"https:\/\/diarioregionaldigital.com.br\/index.php?rest_route=%2Fwp%2Fv2%2Fcomments&post=206253"}],"version-history":[{"count":1,"href":"https:\/\/diarioregionaldigital.com.br\/index.php?rest_route=\/wp\/v2\/posts\/206253\/revisions"}],"predecessor-version":[{"id":206255,"href":"https:\/\/diarioregionaldigital.com.br\/index.php?rest_route=\/wp\/v2\/posts\/206253\/revisions\/206255"}],"wp:featuredmedia":[{"embeddable":true,"href":"https:\/\/diarioregionaldigital.com.br\/index.php?rest_route=\/wp\/v2\/media\/206254"}],"wp:attachment":[{"href":"https:\/\/diarioregionaldigital.com.br\/index.php?rest_route=%2Fwp%2Fv2%2Fmedia&parent=206253"}],"wp:term":[{"taxonomy":"category","embeddable":true,"href":"https:\/\/diarioregionaldigital.com.br\/index.php?rest_route=%2Fwp%2Fv2%2Fcategories&post=206253"},{"taxonomy":"post_tag","embeddable":true,"href":"https:\/\/diarioregionaldigital.com.br\/index.php?rest_route=%2Fwp%2Fv2%2Ftags&post=206253"}],"curies":[{"name":"wp","href":"https:\/\/api.w.org\/{rel}","templated":true}]}}