{"id":206250,"date":"2022-11-04T18:43:11","date_gmt":"2022-11-04T21:43:11","guid":{"rendered":"https:\/\/diarioregionaldigital.com.br\/?p=206250"},"modified":"2022-11-04T18:43:11","modified_gmt":"2022-11-04T21:43:11","slug":"brasil-conquista-a-quarta-colocacao-por-equipes-no-mundial-resultado-inedito","status":"publish","type":"post","link":"https:\/\/diarioregionaldigital.com.br\/?p=206250","title":{"rendered":"Brasil conquista a quarta coloca\u00e7\u00e3o por equipes no Mundial, resultado in\u00e9dito"},"content":{"rendered":"<p>A sele\u00e7\u00e3o brasileira de gin\u00e1stica art\u00edstica, formada por Rebeca Andrade, Fl\u00e1via Saraiva, Lorrane Oliveira, J\u00falia Soares, Carolyne Pedro e Christal Bezerrra, conquistou um resultado hist\u00f3rico nesta ter\u00e7a-feira (1\u00ba.11), na final da competi\u00e7\u00e3o por equipes do Mundial de Liverpool: a quarta coloca\u00e7\u00e3o, atr\u00e1s apenas de Estados Unidos, Gr\u00e3-Bretanha e Canad\u00e1, que asseguraram vaga ol\u00edmpica antecipadamente.<\/p>\n<p>Mesmo com Fl\u00e1via Saraiva atuando em apenas um aparelho, as paralelas assim\u00e9tricas, por estar sentindo dores no tornozelo direito, o Brasil ficou a 0,9 ponto do Canad\u00e1, do p\u00f3dio e da vaga ol\u00edmpica. O resultado superou a campanha do Mundial de 2007, em Stuttgart. Naquela ocasi\u00e3o, a equipe formada por Jade Barbosa, Daiane dos Santos, La\u00eds Souza, Ana Cl\u00e1udia Silva e Khiuani Dias obteve a quinta coloca\u00e7\u00e3o.<\/p>\n<p>A aus\u00eancia de Fl\u00e1via foi parcialmente compensada pelas excepcionais performances de Rebeca no salto e no solo, em que conquistou as notas mais altas do dia. No salto, inclusive, os 15,166 foram a melhor nota de toda a competi\u00e7\u00e3o.<\/p>\n<p>Na avalia\u00e7\u00e3o de Francisco Porath Neto, o Brasil est\u00e1 no caminho certo. No Mundial de 2023, que ser\u00e1 em Antu\u00e9rpia, na B\u00e9lgica, estar\u00e3o em jogo mais nove vagas para equipes, e a Sele\u00e7\u00e3o est\u00e1 bem situada nessa disputa, segundo o coordenador da Sele\u00e7\u00e3o Brasileira de Gin\u00e1stica Art\u00edstica Feminina.<\/p>\n<p>\u201cEm 2023, a gente espera ter for\u00e7a total e classificar com mais facilidade. Hoje o Brasil n\u00e3o vai mais a uma competi\u00e7\u00e3o para participar, vai para disputar. O cen\u00e1rio internacional j\u00e1 enxerga o Brasil de forma diferente\u201d.<\/p>\n<p>Na vis\u00e3o de Rebeca Andrade, a melhor ginasta na fase classificat\u00f3ria do individual geral, o sentimento que fica depois da emocionante disputa por equipes \u00e9 o de orgulho.<br \/>\n\u201cFoi um resultado hist\u00f3rico. Importante vir para c\u00e1, sentir a competi\u00e7\u00e3o, ver como estamos em rela\u00e7\u00e3o \u00e0s melhores do mundo. Eu me sinto orgulhosa. Mesmo com as quedas, que s\u00e3o naturais no esporte, demos o nosso melhor\u201d.<\/p>\n<p>Rebeca fez quest\u00e3o de elogiar tamb\u00e9m Fl\u00e1via, que, mesmo sentindo dores, competiu nas paralelas e contribuiu com sua nota para o Brasil chegar \u00e0 melhor posi\u00e7\u00e3o em toda a hist\u00f3ria de sua participa\u00e7\u00e3o em Mundiais.<\/p>\n<p>\u201cEla mostrou que n\u00e3o est\u00e1 l\u00e1 por ela, mas por todas n\u00f3s. \u00c9 importante no nosso esporte n\u00e3o deixar a peteca cair, n\u00e3o desconcentrar. Cada competi\u00e7\u00e3o traz um ensinamento, e esta serviu como um grande aprendizado\u201d.<\/p>\n<p>Porath tamb\u00e9m destacou a luta de Fl\u00e1via. \u201cEla foi uma guerreira, deu uma contribui\u00e7\u00e3o importante. No final, os outros pa\u00edses tiveram falhas e tivemos um pouco menos. Quase deu\u201d.<\/p>\n<p>A treinadora Iryna Ilyashenko, emocionada, tamb\u00e9m prev\u00ea saltos ainda mais altos para a equipe. \u201cPela primeira vez a gente se aproximou da medalha numa competi\u00e7\u00e3o por equipes. Nas pr\u00f3ximas a gente vai conseguir\u201d.<\/p>\n<p>Nesta quarta, \u00e9 a vez de a Sele\u00e7\u00e3o Masculina disputar a final por equipes, depois de obter a s\u00e9tima coloca\u00e7\u00e3o na classificat\u00f3ria. A competi\u00e7\u00e3o come\u00e7a \u00e0s 14h25 (de Bras\u00edlia).<\/p>\n<p>COMPETI\u00c7\u00c3O POR EQUIPES FEMININA<\/p>\n<p>1) EUA \u2013 166.564<br \/>\n2) Gr\u00e3-Bretanha \u2013 163.363<br \/>\n3) Canad\u00e1 \u2013 160.563<br \/>\n4) BRASIL \u2013 159.661<br \/>\n5) It\u00e1lia \u2013 159.463<br \/>\n6) China \u2013 157.529<br \/>\n7) Jap\u00e3o \u2013 156.964<br \/>\n8) Fran\u00e7a \u2013 155.863<\/p>\n<p>Fonte: Confedera\u00e7\u00e3o Brasileira de Gin\u00e1stica<\/p>\n","protected":false},"excerpt":{"rendered":"<p>A sele\u00e7\u00e3o brasileira de gin\u00e1stica art\u00edstica, formada por Rebeca Andrade, Fl\u00e1via Saraiva, Lorrane Oliveira, J\u00falia Soares, Carolyne Pedro e Christal Bezerrra, conquistou um resultado hist\u00f3rico nesta ter\u00e7a-feira (1\u00ba.11), na final da competi\u00e7\u00e3o por equipes do Mundial de Liverpool: a quarta coloca\u00e7\u00e3o, atr\u00e1s apenas de Estados Unidos, Gr\u00e3-Bretanha e Canad\u00e1, que asseguraram vaga ol\u00edmpica antecipadamente. Mesmo [&hellip;]<\/p>\n","protected":false},"author":246,"featured_media":206251,"comment_status":"closed","ping_status":"closed","sticky":false,"template":"","format":"standard","meta":{"footnotes":""},"categories":[436,440,257,439],"tags":[],"class_list":["post-206250","post","type-post","status-publish","format-standard","has-post-thumbnail","hentry","category-destaque-da-semana","category-destaques-do-dia","category-esporte","category-ultima-hora"],"_links":{"self":[{"href":"https:\/\/diarioregionaldigital.com.br\/index.php?rest_route=\/wp\/v2\/posts\/206250","targetHints":{"allow":["GET"]}}],"collection":[{"href":"https:\/\/diarioregionaldigital.com.br\/index.php?rest_route=\/wp\/v2\/posts"}],"about":[{"href":"https:\/\/diarioregionaldigital.com.br\/index.php?rest_route=\/wp\/v2\/types\/post"}],"author":[{"embeddable":true,"href":"https:\/\/diarioregionaldigital.com.br\/index.php?rest_route=\/wp\/v2\/users\/246"}],"replies":[{"embeddable":true,"href":"https:\/\/diarioregionaldigital.com.br\/index.php?rest_route=%2Fwp%2Fv2%2Fcomments&post=206250"}],"version-history":[{"count":1,"href":"https:\/\/diarioregionaldigital.com.br\/index.php?rest_route=\/wp\/v2\/posts\/206250\/revisions"}],"predecessor-version":[{"id":206252,"href":"https:\/\/diarioregionaldigital.com.br\/index.php?rest_route=\/wp\/v2\/posts\/206250\/revisions\/206252"}],"wp:featuredmedia":[{"embeddable":true,"href":"https:\/\/diarioregionaldigital.com.br\/index.php?rest_route=\/wp\/v2\/media\/206251"}],"wp:attachment":[{"href":"https:\/\/diarioregionaldigital.com.br\/index.php?rest_route=%2Fwp%2Fv2%2Fmedia&parent=206250"}],"wp:term":[{"taxonomy":"category","embeddable":true,"href":"https:\/\/diarioregionaldigital.com.br\/index.php?rest_route=%2Fwp%2Fv2%2Fcategories&post=206250"},{"taxonomy":"post_tag","embeddable":true,"href":"https:\/\/diarioregionaldigital.com.br\/index.php?rest_route=%2Fwp%2Fv2%2Ftags&post=206250"}],"curies":[{"name":"wp","href":"https:\/\/api.w.org\/{rel}","templated":true}]}}