{"id":206244,"date":"2022-11-04T18:22:13","date_gmt":"2022-11-04T21:22:13","guid":{"rendered":"https:\/\/diarioregionaldigital.com.br\/?p=206244"},"modified":"2022-11-04T18:22:13","modified_gmt":"2022-11-04T21:22:13","slug":"supremo-determina-reativacao-do-fundo-amazonia","status":"publish","type":"post","link":"https:\/\/diarioregionaldigital.com.br\/?p=206244","title":{"rendered":"Supremo determina reativa\u00e7\u00e3o do Fundo Amaz\u00f4nia"},"content":{"rendered":"<p>O Supremo Tribunal Federal (STF) determinou hoje (3) que o governo federal reative o Fundo Amaz\u00f4nia, criado para captar recursos e financiar medidas de prote\u00e7\u00e3o ao meio ambiente na regi\u00e3o. Pela decis\u00e3o da Corte, a Uni\u00e3o ter\u00e1 prazo de 60 dias para cumprir a medida.<img decoding=\"async\" src=\"https:\/\/agenciabrasil.ebc.com.br\/ebc.png?id=1492098&amp;o=node\" \/><img decoding=\"async\" src=\"https:\/\/agenciabrasil.ebc.com.br\/ebc.gif?id=1492098&amp;o=node\" \/><\/p>\n<p>O julgamento da quest\u00e3o foi iniciado em outubro deste ano e finalizado na sess\u00e3o desta tarde. Na semana passada, o plen\u00e1rio formou maioria para determinar a reativa\u00e7\u00e3o do fundo.<\/p>\n<p>A Corte julgou uma a\u00e7\u00e3o declarat\u00f3ria de omiss\u00e3o para garantir o funcionamento do fundo. A a\u00e7\u00e3o foi protocolada em junho de 2020 por partidos de oposi\u00e7\u00e3o, entre os quais, o PT, o PSB e o PSOL, al\u00e9m de entidades ligadas \u00e0 defesa do meio ambiente.\u00a0Todos pedem que o Supremo reconhe\u00e7a a suposta omiss\u00e3o do governo federal em implantar medidas para o desbloqueio de R$ 1,5 bilh\u00e3o em recursos do fundo.<\/p>\n<p>Criado em 2008, o fundo recebe doa\u00e7\u00f5es de institui\u00e7\u00f5es e governos internacionais para financiar a\u00e7\u00f5es de preven\u00e7\u00e3o e combate ao desmatamento na Amaz\u00f4nia Legal. Em 2019, a Alemanha e a Noruega suspenderam os repasses para novos projetos ap\u00f3s o governo brasileiro apresentar sugest\u00f5es de mudan\u00e7a na aplica\u00e7\u00e3o dos recursos e extinguir colegiados de gest\u00e3o do fundo.<\/p>\n<p><span style=\"font-weight: 400;\"><br \/>\n<\/span><span style=\"font-weight: 400;\">Fonte: Ag\u00eancia Brasil <\/span><\/p>\n","protected":false},"excerpt":{"rendered":"<p>O Supremo Tribunal Federal (STF) determinou hoje (3) que o governo federal reative o Fundo Amaz\u00f4nia, criado para captar recursos e financiar medidas de prote\u00e7\u00e3o ao meio ambiente na regi\u00e3o. Pela decis\u00e3o da Corte, a Uni\u00e3o ter\u00e1 prazo de 60 dias para cumprir a medida. O julgamento da quest\u00e3o foi iniciado em outubro deste ano [&hellip;]<\/p>\n","protected":false},"author":246,"featured_media":206245,"comment_status":"closed","ping_status":"closed","sticky":false,"template":"","format":"standard","meta":{"footnotes":""},"categories":[436,254,439],"tags":[],"class_list":["post-206244","post","type-post","status-publish","format-standard","has-post-thumbnail","hentry","category-destaque-da-semana","category-politica","category-ultima-hora"],"_links":{"self":[{"href":"https:\/\/diarioregionaldigital.com.br\/index.php?rest_route=\/wp\/v2\/posts\/206244","targetHints":{"allow":["GET"]}}],"collection":[{"href":"https:\/\/diarioregionaldigital.com.br\/index.php?rest_route=\/wp\/v2\/posts"}],"about":[{"href":"https:\/\/diarioregionaldigital.com.br\/index.php?rest_route=\/wp\/v2\/types\/post"}],"author":[{"embeddable":true,"href":"https:\/\/diarioregionaldigital.com.br\/index.php?rest_route=\/wp\/v2\/users\/246"}],"replies":[{"embeddable":true,"href":"https:\/\/diarioregionaldigital.com.br\/index.php?rest_route=%2Fwp%2Fv2%2Fcomments&post=206244"}],"version-history":[{"count":1,"href":"https:\/\/diarioregionaldigital.com.br\/index.php?rest_route=\/wp\/v2\/posts\/206244\/revisions"}],"predecessor-version":[{"id":206246,"href":"https:\/\/diarioregionaldigital.com.br\/index.php?rest_route=\/wp\/v2\/posts\/206244\/revisions\/206246"}],"wp:featuredmedia":[{"embeddable":true,"href":"https:\/\/diarioregionaldigital.com.br\/index.php?rest_route=\/wp\/v2\/media\/206245"}],"wp:attachment":[{"href":"https:\/\/diarioregionaldigital.com.br\/index.php?rest_route=%2Fwp%2Fv2%2Fmedia&parent=206244"}],"wp:term":[{"taxonomy":"category","embeddable":true,"href":"https:\/\/diarioregionaldigital.com.br\/index.php?rest_route=%2Fwp%2Fv2%2Fcategories&post=206244"},{"taxonomy":"post_tag","embeddable":true,"href":"https:\/\/diarioregionaldigital.com.br\/index.php?rest_route=%2Fwp%2Fv2%2Ftags&post=206244"}],"curies":[{"name":"wp","href":"https:\/\/api.w.org\/{rel}","templated":true}]}}